{"id":14998,"date":"2025-10-05T07:31:36","date_gmt":"2025-10-05T00:31:36","guid":{"rendered":"https:\/\/cstc.vn\/blogtsk\/tons-of-colored-aggregates-mix-together-to-form-color-path-public-art-installation-in-poland\/"},"modified":"2025-10-05T07:31:36","modified_gmt":"2025-10-05T00:31:36","slug":"tons-of-colored-aggregates-mix-together-to-form-color-path-public-art-installation-in-poland","status":"publish","type":"post","link":"https:\/\/cstc.vn\/blogtsk\/tons-of-colored-aggregates-mix-together-to-form-color-path-public-art-installation-in-poland\/","title":{"rendered":"tons of colored aggregates mix together to form color path public art installation in poland"},"content":{"rendered":"<h2 class=\"wow wow-yellow\">ADAM KALINOWSKI\u2019s COLOR PATH Transforms Public Space in Pozna\u0144<\/h2>\n<p>\u00a0<\/p>\n<p>Color Path (\u015acie\u017cka Koloru) is a temporary <strong><a href=\"https:\/\/www.designboom.com\/tag\/public-art\/\">public art<\/a> <a href=\"https:\/\/www.designboom.com\/tag\/interactive-installation\/\">installation<\/a><\/strong> by Adam Kalinowski, presented at Pasa\u017c Quadro in Pozna\u0144, <strong><a href=\"https:\/\/www.designboom.com\/tag\/architecture-in-poland\/\">Poland<\/a><\/strong>. On view from September 12th to October 26th, 2025, the project is organized by Galeria Miejska Arsena\u0142 w Poznaniu and produced by The Tadeusz Kalinowski Art Foundation.<\/p>\n<p>\u00a0<\/p>\n<p>The installation measures 2700 x 480 x 20 cm and is constructed from 17 tons of colored aggregates in grades ranging from 0.5 to 5 mm, set within a <strong><a href=\"https:\/\/www.designboom.com\/tag\/wood-and-timber-architecture\/\">plywood<\/a><\/strong> frame. The material composition forms a tactile surface designed for direct interaction, encouraging visitors to walk across it, ideally barefoot.<\/p>\n<p>all images courtesy of <a href=\"https:\/\/interactive.adamkalinowski.com\/\">Adam Kalinowski<\/a><\/p>\n<p>\u00a0<\/p>\n<p>\u00a0<\/p>\n<h2 class=\"wow wow-yellow\">COLOR PATH is made of Color, Motion, and Collective Presence<\/h2>\n<p>\u00a0<\/p>\n<p>Movement across the piece continually reshapes its surface, producing shifting patterns of color and texture. This interaction transforms the installation into an evolving landscape, shaped jointly by its material qualities and the actions of its participants.<\/p>\n<p>\u00a0<\/p>\n<p>The work by <strong><a href=\"https:\/\/interactive.adamkalinowski.com\/\">artist<\/a><\/strong> Adam Kalinowski investigates how public space can be altered through sensory engagement, collective interaction, and temporary disruption of routine. By framing participation as an integral part of the design, Color Path highlights the relationship between material, body, and shared environment.<\/p>\n<\/p>\n<p>Color Path by Adam Kalinowski at Pasa\u017c Quadro, Pozna\u0144<\/p>\n<p>a temporary public art installation exploring color, texture, and movement<\/p>\n<p>the installation spans 2700 x 480 x 20 cm in scale<\/p>\n<p>\t<!-- CLOSE ARTICLE CONTENT --><\/p>\n<div class=\"fullwidth-image\">\n<div class=\"layout-box\">\n<div class=\"page-content\">\n<p>17 tons of colored aggregates compose the artwork\u2019s surface<\/p>\n<\/p>\n<\/div>\n<\/div><\/div>\n<p>\t<!-- OPEN ARTICLE CONTENT -->\t<\/p>\n<p>a plywood frame contains the vibrant field of pigments<\/p>\n<p>\t<!-- CLOSE ARTICLE CONTENT --><\/p>\n<div class=\"fullwidth-image\">\n<div class=\"layout-box\">\n<div class=\"page-content\">\n<p>the surface invites direct tactile interaction from visitors<\/p>\n<\/p>\n<\/div>\n<\/div><\/div>\n<p>\t<!-- OPEN ARTICLE CONTENT -->\t<\/p>\n<p>movement across the piece continuously reshapes its form<\/p>\n<p>walking barefoot enhances the sensory experience<\/p>\n<p>the installation becomes an evolving landscape of collective participation<\/p>\n<p>patterns of color and texture shift with every step<\/p>\n<p>\u00a0<\/p>\n<p><strong>project info:<\/strong><\/p>\n<p>\u00a0<\/p>\n<p><strong>name:<\/strong> Color Path (\u015acie\u017cka Koloru)<br \/>\n<strong>designer:<\/strong> <a href=\"https:\/\/interactive.adamkalinowski.com\/\">Adam Kalinowski<\/a><\/p>\n<p><strong>location:<\/strong> Pasa\u017c Quadro, Pozna\u0144, Poland<\/p>\n<p>\u00a0<\/p>\n<p><strong>organizer:<\/strong> <a href=\"https:\/\/arsenal.art.pl\/\">Galeria Miejska Arsena\u0142 w Poznaniu<\/a><\/p>\n<p><strong>produced by:<\/strong> The Tadeusz Kalinowski Art Foundation<\/p>\n<p><strong>dates:<\/strong> September 12th \u2013 October 26th, 2025<\/p>\n<p>\u00a0<\/p>\n<p><strong>dimensions:<\/strong> 2700x480x20 cm<\/p>\n<p><strong>materials:<\/strong> 17 tons of colored aggregates of 0.5-5 mm, painted plywood<\/p>\n<p>\u00a0<\/p>\n<p>\u00a0<\/p>\n<p class=\"p1\">designboom has received this project from our\u00a0<a href=\"https:\/\/www.designboom.com\/readers-submit\"><span class=\"s1\">DIY submissions<\/span><\/a>\u00a0feature, where we welcome our readers to submit their own work for publication. see more project submissions from our readers\u00a0<a href=\"https:\/\/www.designboom.com\/readers\/\"><span class=\"s1\">here.<\/span><\/a><\/p>\n<p class=\"p1\">\u00a0<\/p>\n<p class=\"p1\">edited by: christina vergopoulou | designboom<\/p>\n<p>The post <a href=\"https:\/\/www.designboom.com\/art\/tons-colored-aggregates-color-path-public-art-installation-poland-poznan-adam-kalinowski-10-05-2025\/\">tons of colored aggregates mix together to form color path public art installation in poland<\/a> appeared first on <a href=\"https:\/\/www.designboom.com\/\">designboom | architecture &amp; design magazine<\/a>.<\/p>\n","protected":false},"excerpt":{"rendered":"<p>ADAM KALINOWSKI\u2019s COLOR PATH Transforms Public Space in Pozna\u0144 \u00a0 Color Path (\u015acie\u017cka Koloru) is a temporary public art installation by Adam Kalinowski, presented at Pasa\u017c Quadro in Pozna\u0144, Poland. On view from September 12th &hellip; <\/p>\n","protected":false},"author":0,"featured_media":0,"comment_status":"closed","ping_status":"closed","sticky":false,"template":"","format":"standard","meta":[],"categories":[142],"tags":[],"yoast_head":"<!-- This site is optimized with the Yoast SEO plugin v16.7 - https:\/\/yoast.com\/wordpress\/plugins\/seo\/ -->\n<title>tons of colored aggregates mix together to form color path public art installation in poland - Blog TSK<\/title>\n<meta name=\"robots\" content=\"index, follow, max-snippet:-1, max-image-preview:large, max-video-preview:-1\" \/>\n<link rel=\"canonical\" href=\"https:\/\/cstc.vn\/blogtsk\/tons-of-colored-aggregates-mix-together-to-form-color-path-public-art-installation-in-poland\/\" \/>\n<meta property=\"og:locale\" content=\"en_US\" \/>\n<meta property=\"og:type\" content=\"article\" \/>\n<meta property=\"og:title\" content=\"tons of colored aggregates mix together to form color path public art installation in poland - Blog TSK\" \/>\n<meta property=\"og:description\" content=\"ADAM KALINOWSKI\u2019s COLOR PATH Transforms Public Space in Pozna\u0144 \u00a0 Color Path (\u015acie\u017cka Koloru) is a temporary public art installation by Adam Kalinowski, presented at Pasa\u017c Quadro in Pozna\u0144, Poland. On view from September 12th &hellip;\" \/>\n<meta property=\"og:url\" content=\"https:\/\/cstc.vn\/blogtsk\/tons-of-colored-aggregates-mix-together-to-form-color-path-public-art-installation-in-poland\/\" \/>\n<meta property=\"og:site_name\" content=\"Blog TSK\" \/>\n<meta property=\"article:published_time\" content=\"2025-10-05T00:31:36+00:00\" \/>\n<meta name=\"twitter:label1\" content=\"Est. reading time\" \/>\n\t<meta name=\"twitter:data1\" content=\"2 minutes\" \/>\n<script type=\"application\/ld+json\" class=\"yoast-schema-graph\">{\"@context\":\"https:\/\/schema.org\",\"@graph\":[{\"@type\":\"WebSite\",\"@id\":\"https:\/\/cstc.vn\/blogtsk\/#website\",\"url\":\"https:\/\/cstc.vn\/blogtsk\/\",\"name\":\"Blog TSK\",\"description\":\"\",\"potentialAction\":[{\"@type\":\"SearchAction\",\"target\":{\"@type\":\"EntryPoint\",\"urlTemplate\":\"https:\/\/cstc.vn\/blogtsk\/?s={search_term_string}\"},\"query-input\":\"required name=search_term_string\"}],\"inLanguage\":\"en-US\"},{\"@type\":\"WebPage\",\"@id\":\"https:\/\/cstc.vn\/blogtsk\/tons-of-colored-aggregates-mix-together-to-form-color-path-public-art-installation-in-poland\/#webpage\",\"url\":\"https:\/\/cstc.vn\/blogtsk\/tons-of-colored-aggregates-mix-together-to-form-color-path-public-art-installation-in-poland\/\",\"name\":\"tons of colored aggregates mix together to form color path public art installation in poland - Blog TSK\",\"isPartOf\":{\"@id\":\"https:\/\/cstc.vn\/blogtsk\/#website\"},\"datePublished\":\"2025-10-05T00:31:36+00:00\",\"dateModified\":\"2025-10-05T00:31:36+00:00\",\"author\":{\"@id\":\"\"},\"breadcrumb\":{\"@id\":\"https:\/\/cstc.vn\/blogtsk\/tons-of-colored-aggregates-mix-together-to-form-color-path-public-art-installation-in-poland\/#breadcrumb\"},\"inLanguage\":\"en-US\",\"potentialAction\":[{\"@type\":\"ReadAction\",\"target\":[\"https:\/\/cstc.vn\/blogtsk\/tons-of-colored-aggregates-mix-together-to-form-color-path-public-art-installation-in-poland\/\"]}]},{\"@type\":\"BreadcrumbList\",\"@id\":\"https:\/\/cstc.vn\/blogtsk\/tons-of-colored-aggregates-mix-together-to-form-color-path-public-art-installation-in-poland\/#breadcrumb\",\"itemListElement\":[{\"@type\":\"ListItem\",\"position\":1,\"name\":\"Home\",\"item\":\"https:\/\/cstc.vn\/blogtsk\/\"},{\"@type\":\"ListItem\",\"position\":2,\"name\":\"tons of colored aggregates mix together to form color path public art installation in poland\"}]}]}<\/script>\n<!-- \/ Yoast SEO plugin. -->","yoast_head_json":{"title":"tons of colored aggregates mix together to form color path public art installation in poland - Blog TSK","robots":{"index":"index","follow":"follow","max-snippet":"max-snippet:-1","max-image-preview":"max-image-preview:large","max-video-preview":"max-video-preview:-1"},"canonical":"https:\/\/cstc.vn\/blogtsk\/tons-of-colored-aggregates-mix-together-to-form-color-path-public-art-installation-in-poland\/","og_locale":"en_US","og_type":"article","og_title":"tons of colored aggregates mix together to form color path public art installation in poland - Blog TSK","og_description":"ADAM KALINOWSKI\u2019s COLOR PATH Transforms Public Space in Pozna\u0144 \u00a0 Color Path (\u015acie\u017cka Koloru) is a temporary public art installation by Adam Kalinowski, presented at Pasa\u017c Quadro in Pozna\u0144, Poland. On view from September 12th &hellip;","og_url":"https:\/\/cstc.vn\/blogtsk\/tons-of-colored-aggregates-mix-together-to-form-color-path-public-art-installation-in-poland\/","og_site_name":"Blog TSK","article_published_time":"2025-10-05T00:31:36+00:00","twitter_misc":{"Est. reading time":"2 minutes"},"schema":{"@context":"https:\/\/schema.org","@graph":[{"@type":"WebSite","@id":"https:\/\/cstc.vn\/blogtsk\/#website","url":"https:\/\/cstc.vn\/blogtsk\/","name":"Blog TSK","description":"","potentialAction":[{"@type":"SearchAction","target":{"@type":"EntryPoint","urlTemplate":"https:\/\/cstc.vn\/blogtsk\/?s={search_term_string}"},"query-input":"required name=search_term_string"}],"inLanguage":"en-US"},{"@type":"WebPage","@id":"https:\/\/cstc.vn\/blogtsk\/tons-of-colored-aggregates-mix-together-to-form-color-path-public-art-installation-in-poland\/#webpage","url":"https:\/\/cstc.vn\/blogtsk\/tons-of-colored-aggregates-mix-together-to-form-color-path-public-art-installation-in-poland\/","name":"tons of colored aggregates mix together to form color path public art installation in poland - Blog TSK","isPartOf":{"@id":"https:\/\/cstc.vn\/blogtsk\/#website"},"datePublished":"2025-10-05T00:31:36+00:00","dateModified":"2025-10-05T00:31:36+00:00","author":{"@id":""},"breadcrumb":{"@id":"https:\/\/cstc.vn\/blogtsk\/tons-of-colored-aggregates-mix-together-to-form-color-path-public-art-installation-in-poland\/#breadcrumb"},"inLanguage":"en-US","potentialAction":[{"@type":"ReadAction","target":["https:\/\/cstc.vn\/blogtsk\/tons-of-colored-aggregates-mix-together-to-form-color-path-public-art-installation-in-poland\/"]}]},{"@type":"BreadcrumbList","@id":"https:\/\/cstc.vn\/blogtsk\/tons-of-colored-aggregates-mix-together-to-form-color-path-public-art-installation-in-poland\/#breadcrumb","itemListElement":[{"@type":"ListItem","position":1,"name":"Home","item":"https:\/\/cstc.vn\/blogtsk\/"},{"@type":"ListItem","position":2,"name":"tons of colored aggregates mix together to form color path public art installation in poland"}]}]}},"_links":{"self":[{"href":"https:\/\/cstc.vn\/blogtsk\/wp-json\/wp\/v2\/posts\/14998"}],"collection":[{"href":"https:\/\/cstc.vn\/blogtsk\/wp-json\/wp\/v2\/posts"}],"about":[{"href":"https:\/\/cstc.vn\/blogtsk\/wp-json\/wp\/v2\/types\/post"}],"replies":[{"embeddable":true,"href":"https:\/\/cstc.vn\/blogtsk\/wp-json\/wp\/v2\/comments?post=14998"}],"version-history":[{"count":0,"href":"https:\/\/cstc.vn\/blogtsk\/wp-json\/wp\/v2\/posts\/14998\/revisions"}],"wp:attachment":[{"href":"https:\/\/cstc.vn\/blogtsk\/wp-json\/wp\/v2\/media?parent=14998"}],"wp:term":[{"taxonomy":"category","embeddable":true,"href":"https:\/\/cstc.vn\/blogtsk\/wp-json\/wp\/v2\/categories?post=14998"},{"taxonomy":"post_tag","embeddable":true,"href":"https:\/\/cstc.vn\/blogtsk\/wp-json\/wp\/v2\/tags?post=14998"}],"curies":[{"name":"wp","href":"https:\/\/api.w.org\/{rel}","templated":true}]}}