{"id":14085,"date":"2025-09-04T15:30:05","date_gmt":"2025-09-04T08:30:05","guid":{"rendered":"https:\/\/cstc.vn\/blogtsk\/designboom-radar-exhibitions-to-see-around-the-world-this-september\/"},"modified":"2025-09-04T15:30:05","modified_gmt":"2025-09-04T08:30:05","slug":"designboom-radar-exhibitions-to-see-around-the-world-this-september","status":"publish","type":"post","link":"https:\/\/cstc.vn\/blogtsk\/designboom-radar-exhibitions-to-see-around-the-world-this-september\/","title":{"rendered":"designboom radar: exhibitions to see around the world this september"},"content":{"rendered":"<h2 class=\"wow wow-yellow\">SEPTEMBER exhibitions FROM DESIGNBOOM RADAR<\/h2>\n<p>\u00a0<\/p>\n<p>September brings a wide range of major <a href=\"https:\/\/www.designboom.com\/tag\/exhibitions\/\"><strong>exhibitions<\/strong><\/a> across art, design, and architecture, with <strong><a href=\"https:\/\/www.designboom.com\/tag\/museums-galleries\/\">museums and galleries<\/a><\/strong> unveiling new collections across the world. <a href=\"https:\/\/www.designboom.com\/tag\/designboom-radar-september-2025\/\"><strong>designboom radar<\/strong><\/a> highlights this month include the 40-year celebration of <a href=\"https:\/\/www.designboom.com\/tag\/christo-and-jeanne-claude\/\"><strong>Christo and Jeanne-Claude\u2019s<\/strong><\/a> Wrapped Pont-Neuf in Paris, a survey of wedge-era automotive design at the Petersen Automotive Museum in Los Angeles, the long-anticipated U.S. debut of <a href=\"https:\/\/www.designboom.com\/tag\/richard-serra\/\"><strong>Richard Serra\u2019s<\/strong><\/a> Running Arcs (For John Cage) at <a href=\"https:\/\/www.designboom.com\/tag\/gagosian\/\"><strong>Gagosian<\/strong><\/a> in New York, and <a href=\"https:\/\/www.designboom.com\/tag\/ai-weiwei\/\"><strong>Ai Weiwei\u2019s<\/strong><\/a> first commission in Ukraine. Explore our picks of what shows to see around the globe below, and check out our <a href=\"https:\/\/www.designboom.com\/events\/\"><strong>dedicated event guide<\/strong><\/a> for more listings.<\/p>\n<p>\u00a0<\/p>\n<h2 class=\"wow wow-yellow\">beach ruins<\/h2>\n<p>\u00a0<\/p>\n<p>The Galeria Municipal do Porto has inaugurated Beach Ruins, a site-specific installation by Greek artist and architect <a href=\"https:\/\/www.designboom.com\/tag\/andreas-angelidakis\/\"><strong>Andreas Angelidakis<\/strong><\/a>, in the gardens of Pal\u00e1cio de Cristal. Drawing on ideas of the ruin, Angelidakis stages a set of fragmented columns that appear to have traveled across Europe, coming to rest in <a href=\"https:\/\/www.designboom.com\/tag\/architecture-in-portugal\/\"><strong>Porto<\/strong><\/a>. The installation references the \u2018Grand Tour\u2019 tradition of the 17th to 19th centuries, when European elites sought out ancient sites, but here the ruins themselves become the travelers, embodying a playful inversion of history and cultural expectation.<\/p>\n<p>\u00a0<\/p>\n<p>By pairing stone-like columns with parasols, Angelidakis transforms markers of heritage into interactive urban furniture. The pieces function as oversized poufs that invite rest and social gathering. As the inaugural edition of the gallery\u2019s new outdoor commission, the installation sets a precedent for works that activate Porto\u2019s public realm through seasonal, experimental interventions.<\/p>\n<p>\u00a0<\/p>\n<p><strong>name:<\/strong> <a href=\"https:\/\/www.galeriamunicipaldoporto.pt\/en\/programas\/das-exposicoes\/andreas-angelidakis\/20250510-inauguracao-praia-de-ruinas\/\">Beach Ruins<\/a><br \/>\n<strong>artist:<\/strong> <a href=\"https:\/\/www.angelidakis.com\/\">Andreas Angelidakis<\/a><br \/>\n<strong>gallery:<\/strong> <a href=\"https:\/\/www.galeriamunicipaldoporto.pt\/en\/\">Galeria Municipal do Porto<\/a><br \/>\n<strong>location:<\/strong> Porto, Portugal<br \/>\n<strong>dates:<\/strong> May 10th \u2014 October 12th, 2025<\/p>\n<p>Andreas Angelidakis, Beach Ruins, Porto, 2025, image courtesy Galeria Municipal do Porto<\/p>\n<p>\u00a0<\/p>\n<p>\u00a0<\/p>\n<h2 class=\"wow wow-yellow\"><a href=\"https:\/\/www.designboom.com\/art\/fantastical-exhibition-jujus-castle-jean-jullien-first-solo-show-shanghai-08-14-2025\/\">Jean Jullien: JUJU\u2019s Castle<\/a><\/h2>\n<p>\u00a0<\/p>\n<p>The Nanzuka Art Institute in\u00a0<a href=\"https:\/\/www.designboom.com\/tag\/architecture-in-shanghai\/\"><strong>Shanghai<\/strong><\/a>\u00a0presents JUJU\u2019s Castle, the first solo exhibition in China by French artist\u00a0<a href=\"https:\/\/www.designboom.com\/tag\/jean-jullien\/\"><strong>Jean Jullien<\/strong><\/a>. Spread across multiple gallery spaces, the show comprises painting,\u00a0sculpture, and installation into a spatial experience that unfolds like an imagined fortress. The presentation includes over eighty new paintings created during Jullien\u2019s time in Tokyo, joined by three-dimensional works and a large-scale installation that turns the institute into a multi-room narrative environment.<\/p>\n<p>\u00a0<\/p>\n<p>Each room is conceived as a \u2018dungeon\u2019 within the castle, referencing the level-based structure of role-playing games. Visitors are positioned as protagonists \u2014 warrior, elf, mage, or hero \u2014 encountering fantastical creatures and settings. This transformation of the gallery into an architectural sequence gives the exhibition the pacing of an exploratory journey, moving from one immersive space to another.<\/p>\n<p>\u00a0<\/p>\n<p><strong>name:\u00a0<\/strong><a href=\"https:\/\/nanzuka.com\/en\/exhibitions\/jean-jullien-jujus-castle-copy\">JUJU\u2019s Castle<\/a><\/p>\n<p><strong>artist: <\/strong><a href=\"https:\/\/www.jeanjullien.com\/\">Jean Jullien<\/a><\/p>\n<p><strong>gallery:\u00a0<\/strong><a href=\"https:\/\/nanzuka.com\/en\/\">Nanzuka Art Institute<\/a><\/p>\n<p><strong>location:\u00a0<\/strong>Shanghai, China<\/p>\n<p><strong>dates:\u00a0<\/strong>July 12th \u2014 October 26th, 2025<\/p>\n<p>image \u00a9 Nanzuka Art Institute<\/p>\n<p>\u00a0<\/p>\n<p>\u00a0<\/p>\n<h2 class=\"wow wow-yellow\"><a href=\"https:\/\/www.designboom.com\/art\/andy-goldsworthy-fifty-years-land-art-indoors-largest-show-edinburgh-national-galleries-scotland-08-08-2025\/\">Andy Goldsworthy: Fifty Years<\/a><\/h2>\n<p>\u00a0<\/p>\n<p>Edinburgh\u2019s Royal Scottish Academy (RSA) becomes a vast landscape for Andy Goldsworthy: Fifty Years, the artist\u2019s largest indoor exhibition to date. Organized by the National Galleries of Scotland, the show spans five decades and over two hundred <a href=\"https:\/\/www.designboom.com\/tag\/photography\/\"><strong>photographic<\/strong><\/a> works, transforming the historic galleries into an environment of cracked clay walls, windfallen oak branches, suspended reeds, and stones from over one hundred graveyards in Dumfriesshire.<\/p>\n<p>\u00a0<\/p>\n<p>The exhibition is designed as one continuous, site-specific work that responds directly to the RSA\u2019s architecture, using its spaces, light, and materials as active elements. In doing so, it extends Goldsworthy\u2019s long-term investigation into how people, buildings, and the land are bound together and where they are held apart.<\/p>\n<p>\u00a0<\/p>\n<p><strong>name:\u00a0<\/strong><a href=\"https:\/\/www.nationalgalleries.org\/exhibition\/andy-goldsworthy-fifty-years\">Andy Goldsworthy: Fifty Years<\/a><\/p>\n<p><strong>artist: <\/strong><a href=\"https:\/\/andygoldsworthystudio.com\/\">Andy Goldsworthy<\/a>\u00a0<\/p>\n<p><strong>gallery: <\/strong>Royal Scottish Academy (RSA),\u00a0<a href=\"https:\/\/www.nationalgalleries.org\/\">National Galleries of Scotland<\/a><\/p>\n<p><strong>location:\u00a0<\/strong>Edinburgh, Scotland<\/p>\n<p><strong>dates:\u00a0<\/strong>July 26th \u2014 November 2nd, 2025<\/p>\n<p>Andy Goldsworthy, Edges made by finding leaves the same size. Tearing one in two. Spitting underneath and pressing flat on to another. Brough, Cumbria. Cherry patch. 4 November 1984, 1984 Cibachrome photograph | all images courtesy the artist, unless stated otherwise<\/p>\n<p>\u00a0<\/p>\n<p>\u00a0<\/p>\n<h2 class=\"wow wow-yellow\"><a href=\"https:\/\/www.designboom.com\/technology\/a-look-at-wedge-cars-60s-70s-lancia-stratos-hf-zero-lamborghini-countach-exhibition-petersen-automotive-museum-08-07-2025\/\">The Wedge Revolution: Cars on the Cutting Edge<\/a><\/h2>\n<p>\u00a0<\/p>\n<p>Petersen Automotive Museum shows some of the iconic wedge\u00a0<a href=\"https:\/\/www.designboom.com\/tag\/car-design\/\">cars<\/a>\u00a0from the 60s and 70s in an exhibition, from the 1970 Lancia Stratos HF Zero to the 1974\u00a0<a href=\"https:\/\/www.designboom.com\/tag\/lamborghini\/\">Lamborghini<\/a>\u00a0Countach LP400 Periscopio. Titled The Wedge Revolution: Cars on the Cutting Edge, the\u00a0show\u00a0spotlights wedge-shaped automotive design that features angular silhouettes, faceted planes, and even bold geometric forms. These are some of the car\u00a0<a href=\"https:\/\/www.designboom.com\/tag\/car-concept\/\">concepts<\/a>\u00a0and designs that defined the era from the mid-1960s through the early 1980s, with their forward-looking, and quite literally, styles.<\/p>\n<p>\u00a0<\/p>\n<p>Some of the vehicles include models from\u00a0<a href=\"https:\/\/www.designboom.com\/tag\/aston-martin\/\">Aston Martin<\/a>,\u00a0<a href=\"https:\/\/www.designboom.com\/tag\/chevrolet\/\">Chevrolet<\/a>, Lamborghini, and Lancia.\u00a0The exhibition takes the chance to showcase the wedge\u2011car design movement that emerged as a stray from the curvaceous, chrome-laden styling of earlier eras, visibly favoring a futuristic aesthetic instead of the typical aerodynamic-focused production. Designers such as Marcello Gandini, Giorgetto Giugiaro, Sergio Coggiola, William Towns, and Jerry Palmer played a central role in this visual revolution, and their names appear in the exhibition, a rightful recognition for their progressive wedge-car works.<\/p>\n<p>\u00a0<\/p>\n<p><strong>name:\u00a0<\/strong><a href=\"https:\/\/www.petersen.org\/wedge-exhibit\">The Wedge Revolution: Cars on the Cutting Edge<\/a><\/p>\n<p><strong>museum:\u00a0<\/strong><a href=\"https:\/\/www.petersen.org\/\">Petersen Automotive Museum<\/a>\u00a0<\/p>\n<p><strong>location:<\/strong>\u00a0Los Angeles, CA<\/p>\n<p><strong>dates:\u00a0<\/strong>August 2nd, 2025 \u2014 September 2026<\/p>\n<p>side profile of the 1970 Lancia Stratos HF Zero | image courtesy of Petersen Automotive Museum<\/p>\n<p>\u00a0<\/p>\n<p>\u00a0<\/p>\n<h2 class=\"wow wow-yellow\"><a href=\"https:\/\/www.designboom.com\/art\/ernesto-neto-suspends-colossal-crocheted-installation-seoul-museum-ba-ka-ba-dance-eternal-polarities-08-27-2025\/\">Ernesto Neto: Ba Ka Ba, a Dance of the Eternal Polarities<\/a><\/h2>\n<p>\u00a0<\/p>\n<p>The\u00a0<a href=\"https:\/\/www.designboom.com\/tag\/architecture-in-korea\/\"><strong>Seoul<\/strong><\/a>\u00a0Museum of Art presents \u2018Ernesto Neto: Ba Ka Ba, a Dance of the Eternal Polarities,\u2019 a new site-specific\u00a0<strong><a href=\"https:\/\/www.designboom.com\/tag\/exhibitions\/\">installation<\/a><\/strong>\u00a0by the Brazilian artist that transforms the Korean museum\u2019s Seosomun Main Branch lobby into a sensory environment. Commissioned as part of the 2025 SeMA Public Space Project, the\u00a0<a href=\"https:\/\/www.designboom.com\/tag\/weaving\/\"><strong>woven<\/strong><\/a>\u00a0artwork expands\u00a0<a href=\"https:\/\/www.designboom.com\/tag\/ernesto-neto\/\"><strong>Ernesto Neto<\/strong><\/a>\u2018s longstanding interest in the relationships between body, space, and collective experience.<\/p>\n<p>\u00a0<\/p>\n<p>The installation\u00a0is composed of expansive crochet structures woven from industrial cotton fabrics in shades of brown and pink. These colors, chosen to evoke tree trunks and night alongside flowers and day, establish a dialogue between natural rhythms and architectural structure. Suspended and filled with dried guava leaves and locally sourced tea leaves, the\u00a0<a href=\"https:\/\/www.tanyabonakdargallery.com\/artists\/49-ernesto-neto\/\"><strong>artist<\/strong><\/a>\u2018s forms invite a multi-sensory encounter that engages smell both texture together.<\/p>\n<p>\u00a0<\/p>\n<p><strong>name: <\/strong><a href=\"https:\/\/sema.seoul.go.kr\/en\/whatson\/exhibition\/detail?exNo=1443220\">Ba Ka Ba, a Dance of the Eternal Polarities<\/a> (Ba Ka Ba, uma dan\u00e7a das eternas polaridades)<\/p>\n<p><strong>artist: <\/strong><a href=\"https:\/\/www.tanyabonakdargallery.com\/artists\/49-ernesto-neto\/\">Ernesto Neto<\/a><\/p>\n<p><strong>museum:\u00a0<\/strong><a href=\"https:\/\/sema.seoul.go.kr\/en\/index\">Seoul Museum of Art (SeMA)<\/a><\/p>\n<p><strong>location: <\/strong>Seoul, Korea<\/p>\n<p><strong>dates:\u00a0<\/strong>August 13th, 2025 \u2014 December 31st, 2026<\/p>\n<p>image courtesy SeMA, Tanya Bonakdar Gallery<\/p>\n<p>\u00a0<\/p>\n<p>\u00a0<\/p>\n<h2 class=\"wow wow-yellow\">falling from the sky<\/h2>\n<p>\u00a0<\/p>\n<p>Unit, the contemporary art gallery in London, welcomes artist Sho Shibuya with the exhibition Falling from the Sky. Since 2020, the artist has greeted each morning with a painting, translating the day\u2019s sky onto the front page of a newspaper. While his series of daily rituals primarily captures the sunrise, Falling from the Sky turns to the quieter subject of rain. Rendered from photographs of water streaking across glass, the works reflect on ephemerality and the meditative patterns formed by droplets in motion.<\/p>\n<p>\u00a0<\/p>\n<p>For Shibuya, rain carries both intimacy and tension. It recalls both personal memories and stark contrasts in how skies are experienced across the world. Where he finds comfort in gray clouds, others may see smoke or destruction. This duality infuses the series with a sense of fragility, transforming depictions of rain into reminders of peace\u2019s vulnerability. Falling from the Sky asks viewers to linger with these moments, considering what endures after the storm has passed.<\/p>\n<p>\u00a0<\/p>\n<p><strong>name:<\/strong> <a href=\"https:\/\/unitlondon.com\/exhibitions\/sho-shibuya-falling-from-the-sky\/\">Falling from the Sky<\/a><br \/>\n<strong>artist:<\/strong> <a href=\"https:\/\/www.shoshibuya.com\/\">Sho Shibuya<\/a><br \/>\n<strong>gallery:<\/strong> <a href=\"https:\/\/unitlondon.com\/\">Unit<\/a> <br \/>\n<strong>location:<\/strong> London, UK<br \/>\n<strong>dates:<\/strong> August 20th \u2014 September 17th, 2025<\/p>\n<p>\t<!-- CLOSE ARTICLE CONTENT --><\/p>\n<div class=\"fullwidth-image\">\n<div class=\"layout-box\">\n<div class=\"page-content\">\n<p>Sho Shibuya, Falling from the Sky, Unit, London | image courtesy Unit<\/p>\n<\/p>\n<\/div>\n<\/div><\/div>\n<p>\t<!-- OPEN ARTICLE CONTENT -->\t<\/p>\n<p>\u00a0<\/p>\n<h2 class=\"wow wow-yellow\">Rocking to Infinity<\/h2>\n<p>\u00a0<\/p>\n<p>Kukje Gallery will present <a href=\"https:\/\/www.designboom.com\/tag\/louise-bourgeois\/\"><strong>Louise Bourgeois<\/strong><\/a>: Rocking to Infinity, focusing on the final two decades of the artist\u2019s career. The exhibition gathers sculptures, drawings, and fabric suites that meditate on intimacy, memory, and time. The title, drawn from Bourgeois\u2019s own writing, evokes the image of a mother rocking a child to sleep. This gesture of security and tenderness resonates throughout the works on view.<\/p>\n<p>\u00a0<\/p>\n<p>Immersive wall installations pair gouaches and watercolors that revisit themes of the self, the couple, family, and the spiral. The gallery\u2019s center hosts major sculptures which explore emotional bonds and the passage of time. The Hanok space introduces a rarer body of drawings on coffee filters, made in 1994, where circular compositions bridge domestic material with reflections on cycles, abstraction, and organic form. All together, the works reveal Bourgeois\u2019s late practice as both intimate and monumental.<\/p>\n<p>\u00a0<\/p>\n<p><strong>name:<\/strong> <a href=\"https:\/\/www.kukjegallery.com\/exhibitions\/view?seq=285\">Rocking to Infinity<\/a><br \/>\n<strong>artist:<\/strong> <a href=\"https:\/\/www.kukjegallery.com\/artists\/view?seq=195\">Louise Bourgeois<\/a> <br \/>\n<strong>gallery:<\/strong> <a href=\"https:\/\/www.kukjegallery.com\/\">Kukje Gallery<\/a> <br \/>\n<strong>location:<\/strong> Seoul, South Korea<br \/>\n<strong>dates:<\/strong> September 2nd \u2014 October 26th, 2025<\/p>\n<p>installation view, Louise Bourgeois: Rocking to Infinity, image courtesy Kukje Gallery<\/p>\n<p>\u00a0<\/p>\n<p>\u00a0<\/p>\n<h2 class=\"wow wow-yellow\"><a href=\"https:\/\/marianneboeskygallery.com\/exhibitions\/334-gabriel-chaile-solo-exhibition\/press_release_text\/\">GABRIEL CHAILE: ESTO ES AM\u00c9RICA, O QUAL \u00c9 O LIMITE?<\/a><\/h2>\n<p>\u00a0<\/p>\n<p>Gabriel Chaile\u2019s debut New York solo exhibition, Esto es Am\u00e9rica, o qual \u00e9 o limite?, presents new adobe sculptures created on site at Marianne Boesky Gallery, alongside drawings and photographs. Drawing from the artist\u2019s ongoing exploration of what he calls the \u2018genealogy of form,\u2019 the works draw from the material and formal traditions of Indigenous communities in northeast Argentina while linking them to broader histories across the Americas. The sculptures are at once monumental and anthropomorphic. Their surfaces are covered with dense networks of line drawings, resist straightforward interpretation while holding onto layers of cultural memory.<\/p>\n<p>\u00a0<\/p>\n<p>The exhibition incorporates influences from Chaile\u2019s time in Montana, where he observed a No Kings Day protest that shaped the atmosphere of the new works. Charcoal drawings on canvas echo the markings on the sculptures, while photographs from the protest offer a documentary counterpart. The title itself, half in Spanish and half in Portuguese, reflects Chaile\u2019s negotiation between statement and question, declaration and doubt: \u2018This is America\u2019 followed by \u2018What is the limit?\u2019<\/p>\n<p>\u00a0<\/p>\n<p><strong>name: <\/strong><a href=\"https:\/\/marianneboeskygallery.com\/exhibitions\/334-gabriel-chaile-solo-exhibition\/press_release_text\/\">Esto es Am\u00e9rica, o qual \u00e9 o limite?<\/a><\/p>\n<p><strong>artist:\u00a0<\/strong><a href=\"https:\/\/marianneboeskygallery.com\/artists\/524-gabriel-chaile\/biography\/\">Gabriel Chaile<\/a><\/p>\n<p><strong>gallery:\u00a0<\/strong><a href=\"https:\/\/marianneboeskygallery.com\/\">Marianne Boesky Gallery<\/a><\/p>\n<p><strong>location:<\/strong>\u00a0New York, NY<\/p>\n<p><strong>dates:\u00a0<\/strong>September 4th \u2014 October 18th, 2025<\/p>\n<p>image \u00a9 Macy Rajacich, courtesy Marianne Boesky Gallery<\/p>\n<p>\u00a0<\/p>\n<p>\u00a0<\/p>\n<h2 class=\"wow wow-yellow\">lee bul: from 1998 to now<\/h2>\n<p>\u00a0<\/p>\n<p>The Leeum, Samsung Museum of Art will open Lee Bul: After 1998, a large-scale survey tracing nearly three decades of work by one of Korea\u2019s most influential contemporary artists. Bringing together around 150 pieces, the exhibition spans performance, sculpture, installation, and drawing, examining Lee Bul\u2019s sustained inquiry into the body\u2019s entanglement with society, technology, and systems of power. Together, a range of works illuminate her engagement with utopian modernity\u2019s ideals and contradictions, and the recurring human pursuit of perfection.<\/p>\n<p>\u00a0<\/p>\n<p>Organized in collaboration with M+ Hong Kong, the exhibition unfolds as a landscape where individual memory and historical fragments intersect with broader sociopolitical references. The show charts the evolution of Lee Bul\u2019s practice, and highlights her role in expanding conversations around humanity\u2019s past and imagined futures.<\/p>\n<p>\u00a0<\/p>\n<p><strong>name:\u00a0<\/strong><a href=\"https:\/\/www.leeumhoam.org\/leeum\/exhibition\/84?params=Y\">Lee Bul: From 1998 to Now<\/a><\/p>\n<p><strong>artist:\u00a0<\/strong><a href=\"https:\/\/leebul.com\/\">Lee Bul<\/a><\/p>\n<p><strong>museum:\u00a0<\/strong><a href=\"https:\/\/www.leeumhoam.org\/\">Leeum, Samsung Museum of Art<\/a><\/p>\n<p><strong>location: <\/strong>Seoul, South Korea<\/p>\n<p><strong>dates:\u00a0<\/strong>September 4th, 2025 \u2014 January 4th, 2026<\/p>\n<p>installation views, \u2018Lee Bul: From 1998 to Now\u2019, Leeum Museum of Art, Seoul, 2025. courtesy of the artist and BB&amp;M \u00a9 Lee Bul, photo by Jeon Byung-cheol<\/p>\n<p>\u00a0<\/p>\n<p>\u00a0<\/p>\n<h2 class=\"wow wow-yellow\">Design Disco Club<\/h2>\n<p>\u00a0<\/p>\n<p>During Paris Design Week, Pli Office will present DESIGN DISCO CLUB, an exhibition dedicated to a new generation of designers and architects reshaping contemporary practice. Drawing on the collective energy of disco, the project frames design as a space of freedom, emotion, and shared experience, while questioning the balance between industrial and human rhythms. With scenography by Paf atelier, the exhibition stages a diverse spectrum of works that reflect the shifting temporalities of production and the commitments that define today\u2019s creative landscape.<\/p>\n<p>\u00a0<\/p>\n<p>The show will feature contributions from around forty emerging creators alongside legendary fashion houses like Dior, Jean Paul Gaultier, Marine Serre, Marie-\u00c8ve Lecavalier, and Mugler. A range of objects are each presented as an example from a multifaceted moment in design. With a series of talks, DESIGN DISCO CLUB adopts the spirit of a club to become a gathering space for imagining the cultural forms of tomorrow.<\/p>\n<p>\u00a0<\/p>\n<p><strong>name:<\/strong> <a href=\"https:\/\/www.lafayetteanticipations.com\/en\/exposition\/design-disco-club\">DESIGN DISCO CLUB<\/a><\/p>\n<p><strong>gallery:\u00a0<\/strong><a href=\"https:\/\/pli-office.fr\/en\/evenements\/design-disco-club\">Pli Office<\/a><\/p>\n<p><strong>location: <\/strong><a href=\"https:\/\/www.lafayetteanticipations.com\/en\">Lafayette Anticipations<\/a>, Paris, France<\/p>\n<p><strong>dates:\u00a0<\/strong>September 6th \u2014 12th, 2025<\/p>\n<p>image courtesy Pli Office<\/p>\n<p>\u00a0<\/p>\n<p>\u00a0<\/p>\n<h2 class=\"wow wow-yellow\"><a href=\"https:\/\/christojeanneclaude.net\/press\/the-pont-neuf-wrapped-40\/\">CHRISTO AND JEANNE-CLAUDE: PARIS PROJECTS<\/a><\/h2>\n<p>\u00a0<\/p>\n<p>This fall, Paris marks the 40th anniversary of The Pont Neuf Wrapped with a citywide tribute to <a href=\"https:\/\/www.designboom.com\/tag\/christo-and-jeanne-claude\/\"><strong>Christo and Jeanne-Claude<\/strong><\/a>. The Christo and Jeanne-Claude Foundation, supported by the City of Paris, will stage a free outdoor exhibition along the Seine. Titled Christo and Jeanne-Claude: Paris Projects, the installation will highlight the couple\u2019s close relationship with the French capital, where they lived, worked, and realized a series of landmark projects over several decades. The program also includes the naming of a public square in their honor, underscoring the city\u2019s recognition of their enduring cultural impact.<\/p>\n<p>\u00a0<\/p>\n<p>Paris served as both the starting point and central site for Christo and Jeanne-Claude\u2019s artistic collaborations. Their interventions included Wall of Oil Barrels \u2014 The Iron Curtain (1961\u201362), Wrapped Statue, Trocadero (1964), The Pont Neuf Wrapped (1975\u201385), and L\u2019Arc de Triomphe, Wrapped (conceived in 1961, realized posthumously in 2021). Artist <a href=\"https:\/\/www.designboom.com\/tag\/jr\/\"><strong>JR<\/strong><\/a> will revisit the Pont Neuf with a <a href=\"https:\/\/www.designboom.com\/art\/christo-jeanne-claude-jr-projet-pont-neuf-wrapped-paris-france-art-installation-cave-grotto-12-14-2024\/\"><strong>new project<\/strong><\/a> that will transform the iconic bridge into a stone-like cave for two weeks in September 2025..<\/p>\n<p>\u00a0<\/p>\n<p><strong>name:<\/strong> <a href=\"https:\/\/christojeanneclaude.net\/press\/the-pont-neuf-wrapped-40\/\">Christo and Jeanne-Claude: Paris Projects<\/a><\/p>\n<p><strong>artist: <\/strong><a href=\"https:\/\/christojeanneclaude.net\/\">Christo and Jeanne-Claude<\/a><\/p>\n<p><strong>location:\u00a0<\/strong>Paris, France<\/p>\n<p><strong>dates:\u00a0<\/strong>September 6th \u2014 October 30th, 2025<\/p>\n<p>Christo and Jeanne-Claude, The Pont Neuf Wrapped, Paris, 1975-85 \u2014 image by Wolfgang Volz \u00a9 1985 Christo and Jeanne-Claude Foundation<\/p>\n<p>\u00a0<\/p>\n<p>\u00a0<\/p>\n<h2 class=\"wow wow-yellow\">Sweets and Paradise<\/h2>\n<p>\u00a0<\/p>\n<p>Bernhard Knaus Fine Art will present Sweets and Paradise, a new exhibition of photographic works by Ralf Peters. Recognized as a leading figure in conceptual photography in Germany, Peters uses digital manipulation to reframe everyday objects, landscapes, and environments, unsettling the line between reality and construction. His practice asks viewers to reflect critically on how images shape perception.<\/p>\n<p>\u00a0<\/p>\n<p>The exhibition brings together two recent series. In SWEETS, natural forms such as branches and leaves are digitally enhanced against vivid backgrounds, transforming them into visual compositions that waver between authenticity and invention. PARADISE introduces <a href=\"https:\/\/www.designboom.com\/tag\/artificial-intelligence\/\"><strong>AI-generated<\/strong><\/a> gardens and architectural visions that draw from cultural and religious ideals, evoking both the desire for harmony and the unease of a digitally engineered utopia. Shown together, the works highlight the tension between nature\u2019s fragility and technology\u2019s promise of perfection, positioning photography as a space where beauty, illusion, and critique converge.<\/p>\n<p>\u00a0<\/p>\n<p><strong>name:\u00a0<\/strong><a href=\"https:\/\/bernhardknaus.com\/en\/exhibitions\/ralf-peters-sweets-and-paradise-solo-show~e18486\">Sweets and Paradise<\/a><\/p>\n<p><strong>artist:\u00a0<\/strong><a href=\"https:\/\/bernhardknaus.com\/en\/artist\/ralf-peters~a486\">Ralf Peters<\/a><\/p>\n<p><strong>gallery:\u00a0<\/strong><a href=\"https:\/\/bernhardknaus.com\/en\">Bernhard Knaus Fine Art Gallery<\/a><\/p>\n<p><strong>location:\u00a0<\/strong>Frankfurt, Germany<\/p>\n<p><strong>dates:\u00a0<\/strong>September 6th \u2014 November 22nd, 2025<\/p>\n<p>Ralf Peters, Poppi Paradise, 2025, image courtesy Bernhard Knaus Fine Art Gallery<\/p>\n<p>\u00a0<\/p>\n<p>\u00a0<\/p>\n<h2 class=\"wow wow-yellow\">Lygia Pape. Tisser l\u2019espace<\/h2>\n<p>\u00a0<\/p>\n<p>The Pinault Collection will present the first solo exhibition in France dedicated to Lygia Pape (1927\u20132004), a central figure of the Brazilian avant-garde. Serving as a prelude to the upcoming exhibition <a href=\"https:\/\/www.pinaultcollection.com\/en\/boursedecommerce\/minimal\"><strong>Minimal<\/strong><\/a>, Lygia Pape: Weaving Space is built around a major work from the collection, Tt\u00e9ia 1, C (2003\/2025). Formed from copper threads stretched across space, the installation immerses visitors in an environment where light and movement activate the work. This embodies Pape\u2019s idea of \u2018weaving space\u2019 and redefines the viewer\u2019s role in the artistic encounter.<\/p>\n<p>\u00a0<\/p>\n<p>The exhibition brings together key pieces from across Pape\u2019s career, from her early abstract engravings to her monumental Livro Noite e Dia III (Book of Night and Day III, 1963\u20131976), as well as a selection of experimental films. Deeply informed by Brazil\u2019s sociopolitical context, her work reflects a commitment to social transformation, dissolving the boundaries between art and life. The show highlights Pape\u2019s place alongside Lygia Clark and H\u00e9lio Oiticica as one of the defining voices of Brazil\u2019s postwar avant-garde.<\/p>\n<p>\u00a0<\/p>\n<p><strong>name:\u00a0<\/strong><a href=\"https:\/\/www.pinaultcollection.com\/en\/boursedecommerce\/lygia-pape-weaving-space\">Lygia Pape. Tisser l\u2019espace<\/a><\/p>\n<p><strong>artist: <\/strong>Lygia Pape<\/p>\n<p><strong>gallery:\u00a0<\/strong><a href=\"https:\/\/www.pinaultcollection.com\/en\/boursedecommerce\">Bourse de Commerce \u2013 Pinault Collection<\/a><\/p>\n<p><strong>location: <\/strong>Paris, France<\/p>\n<p><strong>dates:\u00a0<\/strong>September 10th, 2025 \u2014 January 26th, 2026<\/p>\n<p>LLygia Pape, Tt\u00e9ia 1, C (2003\/2025), image courtesy Pinault Collection<\/p>\n<p>\u00a0<\/p>\n<p>\u00a0<\/p>\n<h2 class=\"wow wow-yellow\">Max Lamb: Crockery<\/h2>\n<p>\u00a0<\/p>\n<p><a href=\"https:\/\/www.designboom.com\/tag\/gallery-fumi\/\"><strong>Gallery FUMI<\/strong><\/a> will open Crockery, a new exhibition by <a href=\"https:\/\/www.designboom.com\/tag\/max-lamb\/\"><strong>Max Lamb<\/strong><\/a> in collaboration with ceramics manufacturer 1882 Ltd., on September 11, 2025. The series features slip-cast earthenware pieces produced from plaster models hand-carved by Lamb, extending his ongoing investigation into material possibilities. Made in Stoke-on-Trent, the works embody the technical rigor of 1882 Ltd. and the designer\u2019s experimental approach, rethinking the role of <a href=\"https:\/\/www.designboom.com\/tag\/ceramics\/\"><strong>ceramics<\/strong><\/a> in contemporary design.<\/p>\n<p>\u00a0<\/p>\n<p>With Crockery, Lamb turns to a medium traditionally associated with fragility and transforms it into functional forms that challenge assumptions about strength and durability. His interest lies in pushing ceramic beyond its conventional uses, exploring its viability as both a sculptural surface and as a material capable of bearing weight and shaping furniture. In doing so, the project reframes ceramic as both resilient and versatile, opening new ground for its role in design.<\/p>\n<p>\u00a0<\/p>\n<p><strong>name:\u00a0<\/strong><a href=\"https:\/\/galleryfumi.com\/exhibitions\/crockery-by-max-lamb-1882ltd\">Crockery<\/a><\/p>\n<p><strong>artist:\u00a0<\/strong><a href=\"https:\/\/maxlamb.org\/\">Max Lamb<\/a> with <a href=\"https:\/\/1882ltd.com\/\">1882 Ltd.<\/a><\/p>\n<p><strong>gallery:\u00a0<\/strong><a href=\"https:\/\/galleryfumi.com\/\">Gallery FUMI<\/a><\/p>\n<p><strong>location: <\/strong>London, UK<\/p>\n<p><strong>dates:\u00a0<\/strong>September 11th \u2014 30th, 2025<\/p>\n<p>image courtesy <a href=\"https:\/\/www.penguinseggstudio.com\/\">Penguins Egg Studio<\/a> (Tom Wright) for Gallery FUMI<\/p>\n<p>\u00a0<\/p>\n<p>\u00a0<\/p>\n<h2 class=\"wow wow-yellow\">Carmen d\u2019Apollonio: Salut, \u00e7a va, c\u2019est moi<\/h2>\n<p>\u00a0<\/p>\n<p><a href=\"https:\/\/www.designboom.com\/tag\/friedman-benda\/\"><strong>Friedman Benda<\/strong><\/a> will open Salut, \u00c7a va, c\u2019est moi, the fourth solo exhibition by Carmen D\u2019Apollonio, on September 11. Known for her playful and idiosyncratic approach, the Swiss-born, Los Angeles\u2013based artist expands her practice here with new materials and sculpted glass lampshades, pushing her work toward greater dimensionality and narrative depth.<\/p>\n<p>\u00a0<\/p>\n<p>The exhibition unfolds like a theatrical set, populated by personified lamps that perform across the gallery space \u2014 leaning, dripping, suspending, and wandering. D\u2019Apollonio\u2019s new glass elements amplify the dialogue between form, light, and shadow, revealing more of what was once hidden behind linen shades. Titles such as Why fall in love when you can\u2019t fall asleep and If you ever have forever highlight her use of language as a candid, humorous, and empathetic extension of her practice, drawing viewers into a direct conversation that is both intimate and universal.<\/p>\n<p>\u00a0<\/p>\n<p><strong>name: <\/strong><a href=\"https:\/\/www.friedmanbenda.com\/exhibitions\/carmen-dapollonio-salut-ca-va-cest-moi\/\">Salut, \u00c7a va, c\u2019est moi<\/a><\/p>\n<p><strong>artist: <\/strong><a href=\"https:\/\/carmendapollonio.com\/\">Carmen D\u2019Apollonio<\/a><\/p>\n<p><strong>gallery:\u00a0<\/strong><a href=\"https:\/\/www.friedmanbenda.com\/\">Friedman Benda<\/a><\/p>\n<p><strong>location:\u00a0<\/strong>515 W 26th St 1st Floor, New York, NY<\/p>\n<p><strong>dates:\u00a0<\/strong>September 11th \u2014 October 16th, 2025<\/p>\n<p>image \u00a9 Friedman Benda<\/p>\n<p>\u00a0<\/p>\n<p>\u00a0<\/p>\n<h2 class=\"wow wow-yellow\">Richard Serra: Running Arcs (For John Cage)<\/h2>\n<p>\u00a0<\/p>\n<p><a href=\"https:\/\/www.designboom.com\/tag\/gagosian\/\"><strong>Gagosian<\/strong><\/a> will present the U.S. debut of <a href=\"https:\/\/www.designboom.com\/tag\/richard-serra\/\"><strong>Richard Serra<\/strong><\/a>\u2019s Running Arcs (For John Cage) (1992), opening September 12th, 2025, at the gallery\u2019s West 21st Street space in New York. First shown more than three decades ago at Kunstsammlung Nordrhein-Westfalen in D\u00fcsseldorf, the large-scale steel work returns on the exact anniversary of its original unveiling and will remain on view through December 20th, 2025.<\/p>\n<p>\u00a0<\/p>\n<p>The sculpture consists of three massive conical steel segments, each inverted in relation to the others and set in a staggered arrangement. Measuring 52 feet in length and 13 feet in height, the monumental forms embody Serra\u2019s enduring investigation into weight, balance, and spatial perception, while also honoring his longtime connection to composer John Cage.<\/p>\n<p>\u00a0<\/p>\n<p><strong>name:\u00a0<\/strong><a href=\"https:\/\/gagosian.com\/exhibitions\/2025\/richard-serra-running-arcs-for-john-cage\/?utm_source=Instagram&amp;utm_medium=Social\">Richard Serra: Running Arcs (For John Cage)<\/a><\/p>\n<p><strong>artist:\u00a0<\/strong><a href=\"https:\/\/gagosian.com\/artists\/richard-serra\/\">Richard Serra<\/a><\/p>\n<p><strong>gallery:\u00a0<\/strong><a href=\"https:\/\/gagosian.com\/\">Gagosian<\/a><\/p>\n<p><strong>location:\u00a0<\/strong>West 21st Street, New York, NY<\/p>\n<p><strong>dates:\u00a0<\/strong>September 12th \u2014 December 20th, 2025<\/p>\n<p>Richard Serra during the installation of Promenade (2008), artwork \u00a9 Estate of Richard Serra \/ Artists Rights Society (ARS), New York. image by Raphael Gaillard\/Gamma-Rapho via Getty Images<\/p>\n<p>\u00a0<\/p>\n<p>\u00a0<\/p>\n<h2 class=\"wow wow-yellow\"><a href=\"https:\/\/www.designboom.com\/art\/alice-wonderland-syndrome-elmgreen-dragset-first-solo-show-los-angeles-pace-gallery-08-29-2025\/\">ELMGREEN &amp; DRAGSET: THE ALICE IN WONDERLAND SYNDROME<\/a><\/h2>\n<p>\u00a0<\/p>\n<p><a href=\"https:\/\/www.designboom.com\/tag\/pace-gallery\/\"><strong>Pace Gallery<\/strong><\/a>\u00a0presents The Alice in Wonderland Syndrome, the first solo\u00a0exhibition\u00a0in Los Angeles by\u00a0<a href=\"https:\/\/www.designboom.com\/tag\/elmgreen-dragset\/\"><strong>Elmgreen &amp; Dragset<\/strong><\/a>, on view from September 13th through October 25th. Spanning the gallery\u2019s main space and adjoining south gallery, the show explores shifts in perception through acts of doubling, resizing, and spatial reduplication.<\/p>\n<p>\u00a0<\/p>\n<p>The Berlin-based duo, known for\u00a0sculptural\u00a0interventions that probe identity and belonging, uses the gallery\u2019s architecture as both stage and subject. Each artwork appears at full scale in the main hall, while exact half-size versions are replicated in a carefully constructed miniature of that same space.<\/p>\n<p>\u00a0<\/p>\n<p><strong>name: <\/strong><a href=\"https:\/\/www.pacegallery.com\/exhibitions\/elmgreen-dragset-the-alice-in-wonderland-syndrome\/\">The Alice in Wonderland Syndrome<\/a><\/p>\n<p><strong>artist:\u00a0<\/strong><a href=\"https:\/\/www.instagram.com\/elmgreenanddragsetstudio\/?hl=en\">Elmgreen &amp; Dragset<\/a><\/p>\n<p><strong>gallery:\u00a0<\/strong><a href=\"https:\/\/www.pacegallery.com\/\">Pace Gallery<\/a><\/p>\n<p><strong>location:\u00a0<\/strong>1201 South La Brea Avenue, Los Angeles, California<\/p>\n<p><strong>dates:\u00a0<\/strong>September 13th \u2014 October 25th, 2025<\/p>\n<p>\t<!-- CLOSE ARTICLE CONTENT --><\/p>\n<div class=\"fullwidth-image\">\n<div class=\"layout-box\">\n<div class=\"page-content\">\n<p>Elmgreen &amp; Dragset, installation view, 2025 \u00a9 Elmgreen &amp; Dragset \/ Artists Rights Society (ARS), New York<\/p>\n<\/p>\n<\/div>\n<\/div><\/div>\n<p>\t<!-- OPEN ARTICLE CONTENT -->\t<\/p>\n<p>\u00a0<\/p>\n<h2 class=\"wow wow-yellow\"><a href=\"https:\/\/www.designboom.com\/art\/ai-weiwei-debut-installation-ukraine-leonardo-da-vinci-divina-proportione-06-26-2025\/\">ai weiwei\u2019s installation in ukraine<\/a><\/h2>\n<p>\u00a0<\/p>\n<p>RIBBON International will debut <a href=\"https:\/\/www.designboom.com\/tag\/ai-weiwei\/\">Ai Weiwei<\/a>\u2019s Three Perfectly Proportioned Spheres and Camouflage Uniforms Painted White at Pavilion 13, marking the artist\u2019s first commission in <a href=\"https:\/\/www.designboom.com\/tag\/architecture-in-ukraine\/\"><strong>Ukraine<\/strong><\/a>. Conceived as a site-specific installation, the work continues Ai\u2019s investigation into the material and symbolic traces of conflict, transforming ideologically charged objects into reflections on contemporary struggles and shared human experience.<\/p>\n<p>\u00a0<\/p>\n<p>Referencing Leonardo da Vinci\u2019s Divina Proportione, the piece engages with Enlightenment ideals of harmony and rational order while questioning their appropriation in contexts of war and concealment. By juxtaposing mathematical precision with objects tied to militarized histories, Ai underscores the fragile line between ideals of progress and the realities of violence, positioning the installation within his broader humanist and pacifist practice.<\/p>\n<p>\u00a0<\/p>\n<p><strong>Ai WeiWei says:<\/strong> \u2018<em>That is the challenge, to build new works relating to what I feel, to me in the past and to the current situation. Art is more metaphysical. You cannot really give every description, but you can always suggest a gesture or attitude or some kind of symbolic meaning, more like a poetic gesture<\/em>.\u2019<\/p>\n<p>\u00a0<\/p>\n<p><strong>name:\u00a0<\/strong><a href=\"https:\/\/www.instagram.com\/p\/DNN833esEcZ\/\">Three Perfectly Proportioned Spheres and Camouflage Uniforms Painted White<\/a><\/p>\n<p><strong>artist:\u00a0<\/strong><a href=\"https:\/\/www.instagram.com\/aiww\/\">Ai WeiWei<\/a><\/p>\n<p><strong>location:<\/strong> <a href=\"https:\/\/www.formaarchitects.com\/\">Pavilion 13<\/a>, Kyiv, Ukraine<\/p>\n<p><strong>commissioner:<\/strong><a href=\"https:\/\/ribbon-int.org\/\"> RIBBON International<\/a>, <a href=\"https:\/\/www.formaarchitects.com\/\">FORMA Architects<\/a>, <a href=\"https:\/\/pavilionofculture.com\/\">Pavilion of Culture<\/a><\/p>\n<p><strong>dates:<\/strong> September 14th \u2014 November 30th 2025<\/p>\n<p>image courtesy RIBBON International<\/p>\n<p>\u00a0<\/p>\n<p>\u00a0<\/p>\n<h2 class=\"wow wow-yellow\">Sue\u00f1o Perro: Instalaci\u00f3n Celuloide de Alejandro G. I\u00f1\u00e1rritu<\/h2>\n<p>\u00a0<\/p>\n<p>Alejandro G. I\u00f1\u00e1rritu presents Sue\u00f1o Perro: Instalaci\u00f3n Celuloide de Alejandro G. I\u00f1\u00e1rritu at <strong><a href=\"https:\/\/www.designboom.com\/tag\/fondazione-prada\/\">Fondazione Prada<\/a><\/strong> in Milan, an exhibition marking the 25th anniversary of his debut feature Amores Perros (2000). The installation resurrects previously unseen footage \u2014 abandoned during the film\u2019s editing and preserved for decades in the archives of the National Autonomous University of Mexico \u2014 revealing fragments that speak to enduring themes of love, betrayal, and violence against the backdrop of Mexico City\u2019s complex social realities. At its core, the work emphasizes the tactile presence of 35mm film, using its grain and flicker to evoke memory and immediacy.<\/p>\n<p>\u00a0<\/p>\n<p><strong>name:\u00a0<\/strong><a href=\"https:\/\/www.fondazioneprada.org\/project\/sueno-perro\/?lang=en\">Sue\u00f1o Perro: Instalaci\u00f3n Celuloide de Alejandro G. I\u00f1\u00e1rritu<\/a><\/p>\n<p><strong>artist:\u00a0<\/strong><a href=\"https:\/\/www.festival-cannes.com\/en\/p\/alejandro-gonzalez-inarritu\/\">Alejandro G. I\u00f1\u00e1rritu<\/a><\/p>\n<p><strong>gallery:<\/strong> <a href=\"https:\/\/www.fondazioneprada.org\/\">Fondazione Prada<\/a><\/p>\n<p><strong>location:\u00a0<\/strong>Largo Isarco 2, Milan, Italy<\/p>\n<p><strong>dates:\u00a0<\/strong>September 18th, 2025 \u2014 February 26th, 2026<\/p>\n<p>Stills from Amores Perros (2000) by Alejandro G. I\u00f1\u00e1rritu, courtesy Rodrigo Prieto \u00a9 Alta Vista Films<\/p>\n<p>\u00a0<\/p>\n<p>\u00a0<\/p>\n<h2 class=\"wow wow-yellow\"><a href=\"https:\/\/www.designboom.com\/art\/calder-gardens-philadelphia-september-opening-01-20-2025\/\">calder gardens<\/a><\/h2>\n<p>\u00a0<\/p>\n<p>Calder Gardens, the new cultural destination designed by\u00a0<a href=\"https:\/\/www.designboom.com\/tag\/herzog-de-meuron\/\"><strong>Herzog and de Meuron<\/strong><\/a>\u00a0and Dutch landscape designer\u00a0<a href=\"https:\/\/www.designboom.com\/tag\/piet-oudolf\/\"><strong>Piet Oudolf<\/strong><\/a>, has announced its opening date for September 21st, 2025. Located on the Benjamin Franklin Parkway in downtown \u00a0<a href=\"https:\/\/www.designboom.com\/tag\/architecture-in-the-us\/\"><strong>Philadelphia<\/strong><\/a>, the\u00a0gallery\u00a0space is set to showcase the art and ideas of Alexander Calder, one of the 20th century\u2019s most influential artists and a Philadelphia native.<\/p>\n<p>\u00a0<\/p>\n<p>The institute has also appointed Juana Berr\u00edo as the Marsha Perelman Senior Director of Programs. A seasoned curator, educator, and arts programmer, Berr\u00edo will lead public programming that connects audiences to Calder\u2019s work through performances, events, and wellness activities, fostering engagement and community in this innovative blend of art, nature, and architecture.<\/p>\n<p>\u00a0<\/p>\n<p><strong>name:<\/strong> <a href=\"https:\/\/caldergardens.org\/\">Calder Gardens<\/a><\/p>\n<p><strong>architect:\u00a0<\/strong><a href=\"https:\/\/www.herzogdemeuron.com\/index.html\">Herzog &amp; de Meuron<\/a><\/p>\n<p><strong>landscape designer:<\/strong>\u00a0<a href=\"https:\/\/oudolf.com\/\">Piet Oudolf<\/a>\u00a0<\/p>\n<p><strong>location:\u00a0<\/strong>Philadelphia, Pennsylvania<br \/>\n<strong>opening:<\/strong> September 21st, 2025<\/p>\n<p>image courtesy Calder Gardens<\/p>\n<p>\u00a0<\/p>\n<p>\u00a0<\/p>\n<p>The post <a href=\"https:\/\/www.designboom.com\/design\/designboom-radar-exhibitions-around-world-september-09-04-2025\/\">designboom radar: exhibitions to see around the world this september<\/a> appeared first on <a href=\"https:\/\/www.designboom.com\/\">designboom | architecture &amp; design magazine<\/a>.<\/p>\n","protected":false},"excerpt":{"rendered":"<p>SEPTEMBER exhibitions FROM DESIGNBOOM RADAR \u00a0 September brings a wide range of major exhibitions across art, design, and architecture, with museums and galleries unveiling new collections across the world. designboom radar highlights this month include &hellip; <\/p>\n","protected":false},"author":0,"featured_media":0,"comment_status":"closed","ping_status":"closed","sticky":false,"template":"","format":"standard","meta":[],"categories":[142],"tags":[],"yoast_head":"<!-- This site is optimized with the Yoast SEO plugin v16.7 - https:\/\/yoast.com\/wordpress\/plugins\/seo\/ -->\n<title>designboom radar: exhibitions to see around the world this september - Blog TSK<\/title>\n<meta name=\"robots\" content=\"index, follow, max-snippet:-1, max-image-preview:large, max-video-preview:-1\" \/>\n<link rel=\"canonical\" href=\"https:\/\/cstc.vn\/blogtsk\/designboom-radar-exhibitions-to-see-around-the-world-this-september\/\" \/>\n<meta property=\"og:locale\" content=\"en_US\" \/>\n<meta property=\"og:type\" content=\"article\" \/>\n<meta property=\"og:title\" content=\"designboom radar: exhibitions to see around the world this september - Blog TSK\" \/>\n<meta property=\"og:description\" content=\"SEPTEMBER exhibitions FROM DESIGNBOOM RADAR \u00a0 September brings a wide range of major exhibitions across art, design, and architecture, with museums and galleries unveiling new collections across the world. designboom radar highlights this month include &hellip;\" \/>\n<meta property=\"og:url\" content=\"https:\/\/cstc.vn\/blogtsk\/designboom-radar-exhibitions-to-see-around-the-world-this-september\/\" \/>\n<meta property=\"og:site_name\" content=\"Blog TSK\" \/>\n<meta property=\"article:published_time\" content=\"2025-09-04T08:30:05+00:00\" \/>\n<meta name=\"twitter:label1\" content=\"Est. reading time\" \/>\n\t<meta name=\"twitter:data1\" content=\"19 minutes\" \/>\n<script type=\"application\/ld+json\" class=\"yoast-schema-graph\">{\"@context\":\"https:\/\/schema.org\",\"@graph\":[{\"@type\":\"WebSite\",\"@id\":\"https:\/\/cstc.vn\/blogtsk\/#website\",\"url\":\"https:\/\/cstc.vn\/blogtsk\/\",\"name\":\"Blog TSK\",\"description\":\"\",\"potentialAction\":[{\"@type\":\"SearchAction\",\"target\":{\"@type\":\"EntryPoint\",\"urlTemplate\":\"https:\/\/cstc.vn\/blogtsk\/?s={search_term_string}\"},\"query-input\":\"required name=search_term_string\"}],\"inLanguage\":\"en-US\"},{\"@type\":\"WebPage\",\"@id\":\"https:\/\/cstc.vn\/blogtsk\/designboom-radar-exhibitions-to-see-around-the-world-this-september\/#webpage\",\"url\":\"https:\/\/cstc.vn\/blogtsk\/designboom-radar-exhibitions-to-see-around-the-world-this-september\/\",\"name\":\"designboom radar: exhibitions to see around the world this september - Blog TSK\",\"isPartOf\":{\"@id\":\"https:\/\/cstc.vn\/blogtsk\/#website\"},\"datePublished\":\"2025-09-04T08:30:05+00:00\",\"dateModified\":\"2025-09-04T08:30:05+00:00\",\"author\":{\"@id\":\"\"},\"breadcrumb\":{\"@id\":\"https:\/\/cstc.vn\/blogtsk\/designboom-radar-exhibitions-to-see-around-the-world-this-september\/#breadcrumb\"},\"inLanguage\":\"en-US\",\"potentialAction\":[{\"@type\":\"ReadAction\",\"target\":[\"https:\/\/cstc.vn\/blogtsk\/designboom-radar-exhibitions-to-see-around-the-world-this-september\/\"]}]},{\"@type\":\"BreadcrumbList\",\"@id\":\"https:\/\/cstc.vn\/blogtsk\/designboom-radar-exhibitions-to-see-around-the-world-this-september\/#breadcrumb\",\"itemListElement\":[{\"@type\":\"ListItem\",\"position\":1,\"name\":\"Home\",\"item\":\"https:\/\/cstc.vn\/blogtsk\/\"},{\"@type\":\"ListItem\",\"position\":2,\"name\":\"designboom radar: exhibitions to see around the world this september\"}]}]}<\/script>\n<!-- \/ Yoast SEO plugin. -->","yoast_head_json":{"title":"designboom radar: exhibitions to see around the world this september - Blog TSK","robots":{"index":"index","follow":"follow","max-snippet":"max-snippet:-1","max-image-preview":"max-image-preview:large","max-video-preview":"max-video-preview:-1"},"canonical":"https:\/\/cstc.vn\/blogtsk\/designboom-radar-exhibitions-to-see-around-the-world-this-september\/","og_locale":"en_US","og_type":"article","og_title":"designboom radar: exhibitions to see around the world this september - Blog TSK","og_description":"SEPTEMBER exhibitions FROM DESIGNBOOM RADAR \u00a0 September brings a wide range of major exhibitions across art, design, and architecture, with museums and galleries unveiling new collections across the world. designboom radar highlights this month include &hellip;","og_url":"https:\/\/cstc.vn\/blogtsk\/designboom-radar-exhibitions-to-see-around-the-world-this-september\/","og_site_name":"Blog TSK","article_published_time":"2025-09-04T08:30:05+00:00","twitter_misc":{"Est. reading time":"19 minutes"},"schema":{"@context":"https:\/\/schema.org","@graph":[{"@type":"WebSite","@id":"https:\/\/cstc.vn\/blogtsk\/#website","url":"https:\/\/cstc.vn\/blogtsk\/","name":"Blog TSK","description":"","potentialAction":[{"@type":"SearchAction","target":{"@type":"EntryPoint","urlTemplate":"https:\/\/cstc.vn\/blogtsk\/?s={search_term_string}"},"query-input":"required name=search_term_string"}],"inLanguage":"en-US"},{"@type":"WebPage","@id":"https:\/\/cstc.vn\/blogtsk\/designboom-radar-exhibitions-to-see-around-the-world-this-september\/#webpage","url":"https:\/\/cstc.vn\/blogtsk\/designboom-radar-exhibitions-to-see-around-the-world-this-september\/","name":"designboom radar: exhibitions to see around the world this september - Blog TSK","isPartOf":{"@id":"https:\/\/cstc.vn\/blogtsk\/#website"},"datePublished":"2025-09-04T08:30:05+00:00","dateModified":"2025-09-04T08:30:05+00:00","author":{"@id":""},"breadcrumb":{"@id":"https:\/\/cstc.vn\/blogtsk\/designboom-radar-exhibitions-to-see-around-the-world-this-september\/#breadcrumb"},"inLanguage":"en-US","potentialAction":[{"@type":"ReadAction","target":["https:\/\/cstc.vn\/blogtsk\/designboom-radar-exhibitions-to-see-around-the-world-this-september\/"]}]},{"@type":"BreadcrumbList","@id":"https:\/\/cstc.vn\/blogtsk\/designboom-radar-exhibitions-to-see-around-the-world-this-september\/#breadcrumb","itemListElement":[{"@type":"ListItem","position":1,"name":"Home","item":"https:\/\/cstc.vn\/blogtsk\/"},{"@type":"ListItem","position":2,"name":"designboom radar: exhibitions to see around the world this september"}]}]}},"_links":{"self":[{"href":"https:\/\/cstc.vn\/blogtsk\/wp-json\/wp\/v2\/posts\/14085"}],"collection":[{"href":"https:\/\/cstc.vn\/blogtsk\/wp-json\/wp\/v2\/posts"}],"about":[{"href":"https:\/\/cstc.vn\/blogtsk\/wp-json\/wp\/v2\/types\/post"}],"replies":[{"embeddable":true,"href":"https:\/\/cstc.vn\/blogtsk\/wp-json\/wp\/v2\/comments?post=14085"}],"version-history":[{"count":0,"href":"https:\/\/cstc.vn\/blogtsk\/wp-json\/wp\/v2\/posts\/14085\/revisions"}],"wp:attachment":[{"href":"https:\/\/cstc.vn\/blogtsk\/wp-json\/wp\/v2\/media?parent=14085"}],"wp:term":[{"taxonomy":"category","embeddable":true,"href":"https:\/\/cstc.vn\/blogtsk\/wp-json\/wp\/v2\/categories?post=14085"},{"taxonomy":"post_tag","embeddable":true,"href":"https:\/\/cstc.vn\/blogtsk\/wp-json\/wp\/v2\/tags?post=14085"}],"curies":[{"name":"wp","href":"https:\/\/api.w.org\/{rel}","templated":true}]}}