{"id":13166,"date":"2025-08-05T04:29:49","date_gmt":"2025-08-04T21:29:49","guid":{"rendered":"https:\/\/cstc.vn\/blogtsk\/shaded-wooden-pavilion-by-erazo-pugliese-reclaims-neglected-dock-along-river-in-spain\/"},"modified":"2025-08-05T04:29:49","modified_gmt":"2025-08-04T21:29:49","slug":"shaded-wooden-pavilion-by-erazo-pugliese-reclaims-neglected-dock-along-river-in-spain","status":"publish","type":"post","link":"https:\/\/cstc.vn\/blogtsk\/shaded-wooden-pavilion-by-erazo-pugliese-reclaims-neglected-dock-along-river-in-spain\/","title":{"rendered":"shaded wooden pavilion by erazo pugliese reclaims neglected dock along river in spain"},"content":{"rendered":"<h2 class=\"wow wow-yellow\">pavilion by Erazo Pugliese reactivates urban riverfront<\/h2>\n<p>\u00a0<\/p>\n<p>Installed along the edge of the Ebro River in Logro\u00f1o, <a href=\"https:\/\/www.designboom.com\/tag\/architecture-in-spain\/\"><strong>Spain<\/strong><\/a>, Habitar el R\u00edo by architect Erazo Pugliese creates a shaded pavilion for rest, observation, and exchange within a natural and urban landscape. Designed for Conc\u00e9ntrico 2025, the International Festival of Architecture and Design that annually activates urban spaces through <a href=\"https:\/\/www.designboom.com\/tag\/temporary-pavilions\/\"><strong>temporary interventions<\/strong><\/a>, the hand-built structure connects an unused <a href=\"https:\/\/www.designboom.com\/tag\/concrete-architecture-and-design\/\"><strong>concrete<\/strong><\/a> dock with the fluctuating waterline of the river, transforming an overlooked passageway into a site for ecological awareness and collective inhabitation.\u00a0<\/p>\n<p>\u00a0<\/p>\n<p>Designed to host the rituals of rest, conversation, and observation, the structure also adapts to its surrounding environment. A southern <a href=\"https:\/\/www.designboom.com\/tag\/facades\/\"><strong>facade<\/strong><\/a> opens to the river and shields the space from direct sun, and <a href=\"https:\/\/www.designboom.com\/tag\/wood-and-timber-architecture\/\"><strong>plywood<\/strong><\/a> panels on the northern side block glare and facilitate passive ventilation. These choices ensure the structure remains both shaded and thermally comfortable throughout the day, using natural airflow to dissipate heat absorbed by the concrete slab.<\/p>\n<p>images courtesy of Erazo Pugliese<\/p>\n<p>\u00a0<\/p>\n<p>\u00a0<\/p>\n<h2 class=\"wow wow-yellow\">Habitar el R\u00edo adapts to the site and its user\u2019s needs<\/h2>\n<p>\u00a0<\/p>\n<p>Conceived by <strong><a href=\"https:\/\/www.erazopugliese.com\/\">Paris-based architect<\/a><\/strong> Erazo Pugliese within the framework of the festival\u2019s theme, which foregrounded climate, water, food, and social ritual, Habitar el R\u00edo aims to reveal latent possibilities in public space. Positioned between a hard concrete pier and the seasonally changing riverbank, the pavilion reclaims an area once used for bathing and now reduced to a transient corridor.<\/p>\n<p>\u00a0<\/p>\n<p>The structure is built in collaboration with students from the Faculty of Architecture at CESUGA (<strong><a href=\"https:\/\/cesuga.com\/\">Centro de Estudios Universitarios de Galicia<\/a><\/strong>), combining prefabrication in A Coru\u00f1a with on-site assembly in Logro\u00f1o. During its construction, the design adapted further in response to how the site was already being used. The team added a second bench to accommodate canoeists who used the platform to prepare equipment and instruct newcomers.\u00a0<\/p>\n<p>\u00a0<\/p>\n<p>After the festival\u2019s conclusion and the dismantling of all temporary works, Habitar el R\u00edo was relocated to the village of Viniegra de Abajo, along the river Urbi\u00f3n in the mountains near Logro\u00f1o, where it continues to serve as a modest retreat by the water.\u00a0<\/p>\n<\/p>\n<p>Habitar el R\u00edo is installed along the edge of the Ebro River in Logro\u00f1o, Spain<\/p>\n<p>Erazo Pugliese creates a shaded pavilion for rest, observation, and exchange<\/p>\n<p>designed for Conc\u00e9ntrico 2025, the annual International Festival of Architecture and Design<\/p>\n<p>a second bench accommodates canoeists who used the platform to prepare equipment<\/p>\n<p>\u00a0<\/p>\n<\/p>\n<p>\t<!-- CLOSE ARTICLE CONTENT --><\/p>\n<div class=\"fullwidth-image\">\n<div class=\"layout-box\">\n<div class=\"page-content\">\n<p>transforming an overlooked passageway into a site for ecological awareness\u00a0<\/p>\n<\/p>\n<\/div>\n<\/div><\/div>\n<p>\t<!-- OPEN ARTICLE CONTENT -->\t<\/p>\n<p>the pavilion reclaims an area once used for bathing and now reduced to a transient corridor<\/p>\n<p>built in collaboration with students from the Faculty of Architecture at CESUGA<\/p>\n<p>\t<!-- CLOSE ARTICLE CONTENT --><\/p>\n<div class=\"fullwidth-image\">\n<div class=\"layout-box\">\n<div class=\"page-content\">\n<p>the hand-built structure connects an unused concrete dock with the fluctuating waterline of the river <\/p>\n<\/p>\n<\/div>\n<\/div><\/div>\n<p>\t<!-- OPEN ARTICLE CONTENT -->\t<\/p>\n<p>combining prefabrication in A Coru\u00f1a with on-site assembly in Logro\u00f1o<\/p>\n<p>\u00a0<\/p>\n<p>\u00a0<\/p>\n<p><strong>project info:<\/strong><\/p>\n<p>\u00a0<\/p>\n<p><strong>name:<\/strong>\u00a0Habitar el Rio \/ inhabiting the river<br \/>\n<strong>architect:<\/strong>\u00a0<a href=\"https:\/\/www.erazopugliese.com\/\">Erazo Pugliese<\/a> | <a href=\"https:\/\/www.instagram.com\/erazo_pugliese\">@erazo_pugliese<\/a><\/p>\n<p><strong>location:<\/strong> Logro\u00f1o, Spain<\/p>\n<p><strong>current site:<\/strong> Viniegra de Abajo, river Urbi\u00f3n, La Rioja, Spain<\/p>\n<p>\u00a0<\/p>\n<p><strong>festival:<\/strong> <a href=\"https:\/\/concentrico.es\/en\/\">Conc\u00e9ntrico 2025 \u2013 International Festival of Architecture and Design<\/a> | <a href=\"https:\/\/www.instagram.com\/concentricofestival\/\">@concentricofestival<\/a><\/p>\n<p><strong>collaborators:<\/strong> Students from CESUGA \u2013 Faculty of Architecture, A Coru\u00f1a<\/p>\n<p><strong>construction support:<\/strong> Maderas Besteiro, Bandalux, Xunta de Galicia, PEFC Spain<\/p>\n<p>\u00a0<\/p>\n<p>\u00a0<\/p>\n<p><em>designboom has received this project from our\u00a0<\/em><a href=\"https:\/\/www.designboom.com\/readers-submit\"><em>DIY submissions<\/em><\/a><em>\u00a0feature, where we welcome our readers to submit their own work for publication. see more project submissions from our readers\u00a0<\/em><a href=\"https:\/\/www.designboom.com\/readers\/\"><em>here.<\/em><\/a><\/p>\n<p>\u00a0<\/p>\n<p><em>edited by: thomai tsimpou | designboom<\/em><\/p>\n<p>The post <a href=\"https:\/\/www.designboom.com\/architecture\/shaded-wooden-pavilion-erazo-pugliese-neglected-dock-river-spain-08-04-2025\/\">shaded wooden pavilion by erazo pugliese reclaims neglected dock along river in spain<\/a> appeared first on <a href=\"https:\/\/www.designboom.com\/\">designboom | architecture &amp; design magazine<\/a>.<\/p>\n","protected":false},"excerpt":{"rendered":"<p>pavilion by Erazo Pugliese reactivates urban riverfront \u00a0 Installed along the edge of the Ebro River in Logro\u00f1o, Spain, Habitar el R\u00edo by architect Erazo Pugliese creates a shaded pavilion for rest, observation, and exchange &hellip; <\/p>\n","protected":false},"author":0,"featured_media":0,"comment_status":"closed","ping_status":"closed","sticky":false,"template":"","format":"standard","meta":[],"categories":[142],"tags":[],"yoast_head":"<!-- This site is optimized with the Yoast SEO plugin v16.7 - https:\/\/yoast.com\/wordpress\/plugins\/seo\/ -->\n<title>shaded wooden pavilion by erazo pugliese reclaims neglected dock along river in spain - Blog TSK<\/title>\n<meta name=\"robots\" content=\"index, follow, max-snippet:-1, max-image-preview:large, max-video-preview:-1\" \/>\n<link rel=\"canonical\" href=\"https:\/\/cstc.vn\/blogtsk\/shaded-wooden-pavilion-by-erazo-pugliese-reclaims-neglected-dock-along-river-in-spain\/\" \/>\n<meta property=\"og:locale\" content=\"en_US\" \/>\n<meta property=\"og:type\" content=\"article\" \/>\n<meta property=\"og:title\" content=\"shaded wooden pavilion by erazo pugliese reclaims neglected dock along river in spain - Blog TSK\" \/>\n<meta property=\"og:description\" content=\"pavilion by Erazo Pugliese reactivates urban riverfront \u00a0 Installed along the edge of the Ebro River in Logro\u00f1o, Spain, Habitar el R\u00edo by architect Erazo Pugliese creates a shaded pavilion for rest, observation, and exchange &hellip;\" \/>\n<meta property=\"og:url\" content=\"https:\/\/cstc.vn\/blogtsk\/shaded-wooden-pavilion-by-erazo-pugliese-reclaims-neglected-dock-along-river-in-spain\/\" \/>\n<meta property=\"og:site_name\" content=\"Blog TSK\" \/>\n<meta property=\"article:published_time\" content=\"2025-08-04T21:29:49+00:00\" \/>\n<meta name=\"twitter:label1\" content=\"Est. reading time\" \/>\n\t<meta name=\"twitter:data1\" content=\"3 minutes\" \/>\n<script type=\"application\/ld+json\" class=\"yoast-schema-graph\">{\"@context\":\"https:\/\/schema.org\",\"@graph\":[{\"@type\":\"WebSite\",\"@id\":\"https:\/\/cstc.vn\/blogtsk\/#website\",\"url\":\"https:\/\/cstc.vn\/blogtsk\/\",\"name\":\"Blog TSK\",\"description\":\"\",\"potentialAction\":[{\"@type\":\"SearchAction\",\"target\":{\"@type\":\"EntryPoint\",\"urlTemplate\":\"https:\/\/cstc.vn\/blogtsk\/?s={search_term_string}\"},\"query-input\":\"required name=search_term_string\"}],\"inLanguage\":\"en-US\"},{\"@type\":\"WebPage\",\"@id\":\"https:\/\/cstc.vn\/blogtsk\/shaded-wooden-pavilion-by-erazo-pugliese-reclaims-neglected-dock-along-river-in-spain\/#webpage\",\"url\":\"https:\/\/cstc.vn\/blogtsk\/shaded-wooden-pavilion-by-erazo-pugliese-reclaims-neglected-dock-along-river-in-spain\/\",\"name\":\"shaded wooden pavilion by erazo pugliese reclaims neglected dock along river in spain - Blog TSK\",\"isPartOf\":{\"@id\":\"https:\/\/cstc.vn\/blogtsk\/#website\"},\"datePublished\":\"2025-08-04T21:29:49+00:00\",\"dateModified\":\"2025-08-04T21:29:49+00:00\",\"author\":{\"@id\":\"\"},\"breadcrumb\":{\"@id\":\"https:\/\/cstc.vn\/blogtsk\/shaded-wooden-pavilion-by-erazo-pugliese-reclaims-neglected-dock-along-river-in-spain\/#breadcrumb\"},\"inLanguage\":\"en-US\",\"potentialAction\":[{\"@type\":\"ReadAction\",\"target\":[\"https:\/\/cstc.vn\/blogtsk\/shaded-wooden-pavilion-by-erazo-pugliese-reclaims-neglected-dock-along-river-in-spain\/\"]}]},{\"@type\":\"BreadcrumbList\",\"@id\":\"https:\/\/cstc.vn\/blogtsk\/shaded-wooden-pavilion-by-erazo-pugliese-reclaims-neglected-dock-along-river-in-spain\/#breadcrumb\",\"itemListElement\":[{\"@type\":\"ListItem\",\"position\":1,\"name\":\"Home\",\"item\":\"https:\/\/cstc.vn\/blogtsk\/\"},{\"@type\":\"ListItem\",\"position\":2,\"name\":\"shaded wooden pavilion by erazo pugliese reclaims neglected dock along river in spain\"}]}]}<\/script>\n<!-- \/ Yoast SEO plugin. -->","yoast_head_json":{"title":"shaded wooden pavilion by erazo pugliese reclaims neglected dock along river in spain - Blog TSK","robots":{"index":"index","follow":"follow","max-snippet":"max-snippet:-1","max-image-preview":"max-image-preview:large","max-video-preview":"max-video-preview:-1"},"canonical":"https:\/\/cstc.vn\/blogtsk\/shaded-wooden-pavilion-by-erazo-pugliese-reclaims-neglected-dock-along-river-in-spain\/","og_locale":"en_US","og_type":"article","og_title":"shaded wooden pavilion by erazo pugliese reclaims neglected dock along river in spain - Blog TSK","og_description":"pavilion by Erazo Pugliese reactivates urban riverfront \u00a0 Installed along the edge of the Ebro River in Logro\u00f1o, Spain, Habitar el R\u00edo by architect Erazo Pugliese creates a shaded pavilion for rest, observation, and exchange &hellip;","og_url":"https:\/\/cstc.vn\/blogtsk\/shaded-wooden-pavilion-by-erazo-pugliese-reclaims-neglected-dock-along-river-in-spain\/","og_site_name":"Blog TSK","article_published_time":"2025-08-04T21:29:49+00:00","twitter_misc":{"Est. reading time":"3 minutes"},"schema":{"@context":"https:\/\/schema.org","@graph":[{"@type":"WebSite","@id":"https:\/\/cstc.vn\/blogtsk\/#website","url":"https:\/\/cstc.vn\/blogtsk\/","name":"Blog TSK","description":"","potentialAction":[{"@type":"SearchAction","target":{"@type":"EntryPoint","urlTemplate":"https:\/\/cstc.vn\/blogtsk\/?s={search_term_string}"},"query-input":"required name=search_term_string"}],"inLanguage":"en-US"},{"@type":"WebPage","@id":"https:\/\/cstc.vn\/blogtsk\/shaded-wooden-pavilion-by-erazo-pugliese-reclaims-neglected-dock-along-river-in-spain\/#webpage","url":"https:\/\/cstc.vn\/blogtsk\/shaded-wooden-pavilion-by-erazo-pugliese-reclaims-neglected-dock-along-river-in-spain\/","name":"shaded wooden pavilion by erazo pugliese reclaims neglected dock along river in spain - Blog TSK","isPartOf":{"@id":"https:\/\/cstc.vn\/blogtsk\/#website"},"datePublished":"2025-08-04T21:29:49+00:00","dateModified":"2025-08-04T21:29:49+00:00","author":{"@id":""},"breadcrumb":{"@id":"https:\/\/cstc.vn\/blogtsk\/shaded-wooden-pavilion-by-erazo-pugliese-reclaims-neglected-dock-along-river-in-spain\/#breadcrumb"},"inLanguage":"en-US","potentialAction":[{"@type":"ReadAction","target":["https:\/\/cstc.vn\/blogtsk\/shaded-wooden-pavilion-by-erazo-pugliese-reclaims-neglected-dock-along-river-in-spain\/"]}]},{"@type":"BreadcrumbList","@id":"https:\/\/cstc.vn\/blogtsk\/shaded-wooden-pavilion-by-erazo-pugliese-reclaims-neglected-dock-along-river-in-spain\/#breadcrumb","itemListElement":[{"@type":"ListItem","position":1,"name":"Home","item":"https:\/\/cstc.vn\/blogtsk\/"},{"@type":"ListItem","position":2,"name":"shaded wooden pavilion by erazo pugliese reclaims neglected dock along river in spain"}]}]}},"_links":{"self":[{"href":"https:\/\/cstc.vn\/blogtsk\/wp-json\/wp\/v2\/posts\/13166"}],"collection":[{"href":"https:\/\/cstc.vn\/blogtsk\/wp-json\/wp\/v2\/posts"}],"about":[{"href":"https:\/\/cstc.vn\/blogtsk\/wp-json\/wp\/v2\/types\/post"}],"replies":[{"embeddable":true,"href":"https:\/\/cstc.vn\/blogtsk\/wp-json\/wp\/v2\/comments?post=13166"}],"version-history":[{"count":0,"href":"https:\/\/cstc.vn\/blogtsk\/wp-json\/wp\/v2\/posts\/13166\/revisions"}],"wp:attachment":[{"href":"https:\/\/cstc.vn\/blogtsk\/wp-json\/wp\/v2\/media?parent=13166"}],"wp:term":[{"taxonomy":"category","embeddable":true,"href":"https:\/\/cstc.vn\/blogtsk\/wp-json\/wp\/v2\/categories?post=13166"},{"taxonomy":"post_tag","embeddable":true,"href":"https:\/\/cstc.vn\/blogtsk\/wp-json\/wp\/v2\/tags?post=13166"}],"curies":[{"name":"wp","href":"https:\/\/api.w.org\/{rel}","templated":true}]}}