{"id":12955,"date":"2025-07-29T14:34:50","date_gmt":"2025-07-29T07:34:50","guid":{"rendered":"https:\/\/cstc.vn\/blogtsk\/maisonobjet-invites-hall-haus-collective-to-lead-artistic-direction-of-design-district-in-2025\/"},"modified":"2025-07-29T14:34:50","modified_gmt":"2025-07-29T07:34:50","slug":"maisonobjet-invites-hall-haus-collective-to-lead-artistic-direction-of-design-district-in-2025","status":"publish","type":"post","link":"https:\/\/cstc.vn\/blogtsk\/maisonobjet-invites-hall-haus-collective-to-lead-artistic-direction-of-design-district-in-2025\/","title":{"rendered":"maison&amp;objet invites hall haus collective to lead artistic direction of design district in 2025"},"content":{"rendered":"<h2 class=\"wow wow-yellow\"><strong>MAISON&amp;OBJET\u2019S DESIGN DISTRICT SETS THE SCENE FOR NEW TALENT<\/strong><\/h2>\n<p>\u00a0<\/p>\n<p><span>The September 2025 edition of <\/span><a href=\"https:\/\/www.designboom.com\/events\/maison-objet-2025-september-paris-france\/\">Maison&amp;Objet<\/a><span> is set to present a new generation of designers, promising a bold and fresh perspective on the future of <\/span><a href=\"https:\/\/www.designboom.com\/tag\/interiors\/\">interiors<\/a><span> and lifestyle. Starting parallel with Paris Design Week on September 4, the five day day event brings together a curated selection of <\/span><a href=\"https:\/\/www.designboom.com\/tag\/studio-visits\/\">studios<\/a><span> and creators from varied backgrounds. A pivotal highlight is the Design District, a dynamic hub artfully directed by the acclaimed Hall Haus collective, explicitly dedicated to fostering these new voices. This collaboration sets the stage for a grand showcase of emerging talent, envisioned through the distinct lens of the collective.<\/span><\/p>\n<p>image \u00a9Marion Gomez | all images courtesy of <a href=\"https:\/\/www.maison-objet.com\/en\/paris\"><span>Maison&amp;Objet<\/span><\/a><\/p>\n<p>\u00a0<\/p>\n<p>\u00a0<\/p>\n<h2 class=\"wow wow-yellow\"><strong>HALL HAUS\u2019 MANIFESTO FOR CREATIVE EXPLORATION<\/strong><\/h2>\n<p>\u00a0<\/p>\n<p><span>Since its inception in 1994, Maison&amp;Objet has solidified its position as an indispensable barometer for the international decor, design, and lifestyle community. With two annual exhibitions and <\/span><a href=\"https:\/\/www.maison-objet.com\/en\/paris-design-week\">Paris Design Week<\/a><span> in September, it consistently provides a platform for innovation and industry evolution. <\/span><a href=\"https:\/\/www.maison-objet.com\/en\/paris\">This edition<\/a><span>\u2018s intensified focus on the Design District is profoundly strengthened by the input of Hall Haus.<\/span><\/p>\n<p>\u00a0<\/p>\n<p><span>The collective is taking the lead in reimagining the visual identity of the sector, aiming to foster new narratives within the design sphere. They draw direct inspiration from urban energy and sport aesthetics, translating it into dynamic graphics and clear, engaging signage that guides visitors through this exciting landscape. As part of this experience, Hall Haus also unveils a limited-edition furniture collection that reflects their signature blend of functionality, sustainable commitment, and cultural richness.<\/span><\/p>\n<p>Mini Bench by Hall Haus<\/p>\n<p>\u00a0<\/p>\n<p>\u00a0<\/p>\n<h2 class=\"wow wow-yellow\"><strong>FLAGSHIP PROGRAMS PROPEL NEW DESIGN VOICES<\/strong><\/h2>\n<p>\u00a0<\/p>\n<p><span>Besides the reimagined visual identity by Hall Haus, the Design District shines with three impactful flagship programs \u2013 the Rising Talent Awards, Future On Stage, and the Factory spaces. These initiatives collectively propel the industry\u2019s next wave of creativity, forming a robust ecosystem designed to foster fresh voices and groundbreaking ideas within Maison&amp;Objet\u2019s vision for the global design sphere.<\/span><\/p>\n<p>\u00a0<\/p>\n<p><span>The Rising Talent Awards turn their gaze to the German avant-garde, spotlighting a new generation with a clear nod to their nation\u2019s rich Bauhaus and Werkbund roots. Visitors have the opportunity to discover a diverse spectrum of compelling work, ranging from groundbreaking explorations in biotech and 3D-printed materials to deeply sensitive and experimental approaches to design. The showcase also highlights creators who are redefining sustainability through resource-sharing and championing modular and circular design, alongside those crafting simple, intuitive solutions for everyday living.<\/span><\/p>\n<p>Biocement by Friedrich Gerlach and Julia Huhnholz<\/p>\n<p>\u00a0<\/p>\n<p>\u00a0<\/p>\n<p><span>For its 6th edition, Future On Stage continues to serve as a vital launchpad for young, creative, and committed entrepreneurs. An esteemed industry jury has carefully selected three compelling winners, each set to gain significant visibility and dedicated support within the Design District. Among them is Drobe (Oslo), founded by Milla Lack, revolutionizing urban travel with a suitcase that unfolds into a wardrobe. Next, Y\u00fcss\u00e9e (Paris), a sensory brand by Yuan Yuan and C\u00e9dric Guennoc, captivates with tasting boxes inspired by the five senses and traditional Chinese seasons. Completing the trio is Hilo (Monaco), founded by Adeline Michelotti, who is redefining furniture with modular, drill-free solutions perfectly suited for contemporary urban living spaces.<\/span><\/p>\n<p>Suitcase by Drobe<\/p>\n<p>\u00a0<\/p>\n<p>\u00a0<\/p>\n<p><span>Finally, the dynamic Factory spaces, spread across several halls, underscore the vibrancy of creative entrepreneurship by showcasing over 40 newly launched brands. Visitors can explore diverse innovations, from themed areas dedicated to refined table &amp; gourmet experiences to inventive playful gifting concepts. Building on a 15-year legacy,\u00a0 Paris Design Week Factory extends its reach by offering six former participants a turnkey B2B space within the Villepinte exhibition center\u2019s Design District, while the special spot reserved for \u2018La Ville de Paris\u2019 highlights local talents bearing the prestigious \u2018Fabriqu\u00e9 \u00e0 Paris\u2019 label.<\/span><\/p>\n<p>\t<!-- CLOSE ARTICLE CONTENT --><\/p>\n<div class=\"fullwidth-image\">\n<div class=\"layout-box\">\n<div class=\"page-content\">\n<p>M&amp;O Factory in September 2024 | image \u00a9Anne-Emmanuelle Thion<\/p>\n<\/p>\n<\/div>\n<\/div><\/div>\n<p>\t<!-- OPEN ARTICLE CONTENT -->\t<\/p>\n<p>image \u00a9Katharina Meixner<\/p>\n<p>Duality<\/p>\n<p>M&amp;O Factory in September 2024 | image \u00a9Anne-Emmanuelle-Thion<\/p>\n<p>\u00a0<\/p>\n<p>\u00a0<\/p>\n<p>project info:\u00a0<\/p>\n<p>\u00a0<\/p>\n<p>name: <span>Design District<\/span><\/p>\n<p>event: <a href=\"https:\/\/www.maison-objet.com\/en\/paris\"><span>Maison&amp;Objet<\/span><\/a><span> |<\/span><a href=\"https:\/\/www.instagram.com\/maisonetobjet\/\"><span> @maisonetobjet<\/span><\/a><\/p>\n<p>artistic direction:<span> Hall Haus |<\/span> <a href=\"https:\/\/www.instagram.com\/hall.haus\/\"><span>@hall.haus<\/span><\/a><\/p>\n<p>location:<span> Paris, France<\/span><\/p>\n<p>dates: <span>September 4-8, 2025<\/span><\/p>\n<p>The post <a href=\"https:\/\/www.designboom.com\/design\/maison-et-objet-hall-haus-collective-design-district-september-07-29-2025\/\">maison&amp;objet invites hall haus collective to lead artistic direction of design district in 2025<\/a> appeared first on <a href=\"https:\/\/www.designboom.com\/\">designboom | architecture &amp; design magazine<\/a>.<\/p>\n","protected":false},"excerpt":{"rendered":"<p>MAISON&amp;OBJET\u2019S DESIGN DISTRICT SETS THE SCENE FOR NEW TALENT \u00a0 The September 2025 edition of Maison&amp;Objet is set to present a new generation of designers, promising a bold and fresh perspective on the future of &hellip; <\/p>\n","protected":false},"author":0,"featured_media":0,"comment_status":"closed","ping_status":"closed","sticky":false,"template":"","format":"standard","meta":[],"categories":[142],"tags":[],"yoast_head":"<!-- This site is optimized with the Yoast SEO plugin v16.7 - https:\/\/yoast.com\/wordpress\/plugins\/seo\/ -->\n<title>maison&amp;objet invites hall haus collective to lead artistic direction of design district in 2025 - Blog TSK<\/title>\n<meta name=\"robots\" content=\"index, follow, max-snippet:-1, max-image-preview:large, max-video-preview:-1\" \/>\n<link rel=\"canonical\" href=\"https:\/\/cstc.vn\/blogtsk\/maisonobjet-invites-hall-haus-collective-to-lead-artistic-direction-of-design-district-in-2025\/\" \/>\n<meta property=\"og:locale\" content=\"en_US\" \/>\n<meta property=\"og:type\" content=\"article\" \/>\n<meta property=\"og:title\" content=\"maison&amp;objet invites hall haus collective to lead artistic direction of design district in 2025 - Blog TSK\" \/>\n<meta property=\"og:description\" content=\"MAISON&amp;OBJET\u2019S DESIGN DISTRICT SETS THE SCENE FOR NEW TALENT \u00a0 The September 2025 edition of Maison&amp;Objet is set to present a new generation of designers, promising a bold and fresh perspective on the future of &hellip;\" \/>\n<meta property=\"og:url\" content=\"https:\/\/cstc.vn\/blogtsk\/maisonobjet-invites-hall-haus-collective-to-lead-artistic-direction-of-design-district-in-2025\/\" \/>\n<meta property=\"og:site_name\" content=\"Blog TSK\" \/>\n<meta property=\"article:published_time\" content=\"2025-07-29T07:34:50+00:00\" \/>\n<meta name=\"twitter:label1\" content=\"Est. reading time\" \/>\n\t<meta name=\"twitter:data1\" content=\"4 minutes\" \/>\n<script type=\"application\/ld+json\" class=\"yoast-schema-graph\">{\"@context\":\"https:\/\/schema.org\",\"@graph\":[{\"@type\":\"WebSite\",\"@id\":\"https:\/\/cstc.vn\/blogtsk\/#website\",\"url\":\"https:\/\/cstc.vn\/blogtsk\/\",\"name\":\"Blog TSK\",\"description\":\"\",\"potentialAction\":[{\"@type\":\"SearchAction\",\"target\":{\"@type\":\"EntryPoint\",\"urlTemplate\":\"https:\/\/cstc.vn\/blogtsk\/?s={search_term_string}\"},\"query-input\":\"required name=search_term_string\"}],\"inLanguage\":\"en-US\"},{\"@type\":\"WebPage\",\"@id\":\"https:\/\/cstc.vn\/blogtsk\/maisonobjet-invites-hall-haus-collective-to-lead-artistic-direction-of-design-district-in-2025\/#webpage\",\"url\":\"https:\/\/cstc.vn\/blogtsk\/maisonobjet-invites-hall-haus-collective-to-lead-artistic-direction-of-design-district-in-2025\/\",\"name\":\"maison&amp;objet invites hall haus collective to lead artistic direction of design district in 2025 - Blog TSK\",\"isPartOf\":{\"@id\":\"https:\/\/cstc.vn\/blogtsk\/#website\"},\"datePublished\":\"2025-07-29T07:34:50+00:00\",\"dateModified\":\"2025-07-29T07:34:50+00:00\",\"author\":{\"@id\":\"\"},\"breadcrumb\":{\"@id\":\"https:\/\/cstc.vn\/blogtsk\/maisonobjet-invites-hall-haus-collective-to-lead-artistic-direction-of-design-district-in-2025\/#breadcrumb\"},\"inLanguage\":\"en-US\",\"potentialAction\":[{\"@type\":\"ReadAction\",\"target\":[\"https:\/\/cstc.vn\/blogtsk\/maisonobjet-invites-hall-haus-collective-to-lead-artistic-direction-of-design-district-in-2025\/\"]}]},{\"@type\":\"BreadcrumbList\",\"@id\":\"https:\/\/cstc.vn\/blogtsk\/maisonobjet-invites-hall-haus-collective-to-lead-artistic-direction-of-design-district-in-2025\/#breadcrumb\",\"itemListElement\":[{\"@type\":\"ListItem\",\"position\":1,\"name\":\"Home\",\"item\":\"https:\/\/cstc.vn\/blogtsk\/\"},{\"@type\":\"ListItem\",\"position\":2,\"name\":\"maison&amp;objet invites hall haus collective to lead artistic direction of design district in 2025\"}]}]}<\/script>\n<!-- \/ Yoast SEO plugin. -->","yoast_head_json":{"title":"maison&amp;objet invites hall haus collective to lead artistic direction of design district in 2025 - Blog TSK","robots":{"index":"index","follow":"follow","max-snippet":"max-snippet:-1","max-image-preview":"max-image-preview:large","max-video-preview":"max-video-preview:-1"},"canonical":"https:\/\/cstc.vn\/blogtsk\/maisonobjet-invites-hall-haus-collective-to-lead-artistic-direction-of-design-district-in-2025\/","og_locale":"en_US","og_type":"article","og_title":"maison&amp;objet invites hall haus collective to lead artistic direction of design district in 2025 - Blog TSK","og_description":"MAISON&amp;OBJET\u2019S DESIGN DISTRICT SETS THE SCENE FOR NEW TALENT \u00a0 The September 2025 edition of Maison&amp;Objet is set to present a new generation of designers, promising a bold and fresh perspective on the future of &hellip;","og_url":"https:\/\/cstc.vn\/blogtsk\/maisonobjet-invites-hall-haus-collective-to-lead-artistic-direction-of-design-district-in-2025\/","og_site_name":"Blog TSK","article_published_time":"2025-07-29T07:34:50+00:00","twitter_misc":{"Est. reading time":"4 minutes"},"schema":{"@context":"https:\/\/schema.org","@graph":[{"@type":"WebSite","@id":"https:\/\/cstc.vn\/blogtsk\/#website","url":"https:\/\/cstc.vn\/blogtsk\/","name":"Blog TSK","description":"","potentialAction":[{"@type":"SearchAction","target":{"@type":"EntryPoint","urlTemplate":"https:\/\/cstc.vn\/blogtsk\/?s={search_term_string}"},"query-input":"required name=search_term_string"}],"inLanguage":"en-US"},{"@type":"WebPage","@id":"https:\/\/cstc.vn\/blogtsk\/maisonobjet-invites-hall-haus-collective-to-lead-artistic-direction-of-design-district-in-2025\/#webpage","url":"https:\/\/cstc.vn\/blogtsk\/maisonobjet-invites-hall-haus-collective-to-lead-artistic-direction-of-design-district-in-2025\/","name":"maison&amp;objet invites hall haus collective to lead artistic direction of design district in 2025 - Blog TSK","isPartOf":{"@id":"https:\/\/cstc.vn\/blogtsk\/#website"},"datePublished":"2025-07-29T07:34:50+00:00","dateModified":"2025-07-29T07:34:50+00:00","author":{"@id":""},"breadcrumb":{"@id":"https:\/\/cstc.vn\/blogtsk\/maisonobjet-invites-hall-haus-collective-to-lead-artistic-direction-of-design-district-in-2025\/#breadcrumb"},"inLanguage":"en-US","potentialAction":[{"@type":"ReadAction","target":["https:\/\/cstc.vn\/blogtsk\/maisonobjet-invites-hall-haus-collective-to-lead-artistic-direction-of-design-district-in-2025\/"]}]},{"@type":"BreadcrumbList","@id":"https:\/\/cstc.vn\/blogtsk\/maisonobjet-invites-hall-haus-collective-to-lead-artistic-direction-of-design-district-in-2025\/#breadcrumb","itemListElement":[{"@type":"ListItem","position":1,"name":"Home","item":"https:\/\/cstc.vn\/blogtsk\/"},{"@type":"ListItem","position":2,"name":"maison&amp;objet invites hall haus collective to lead artistic direction of design district in 2025"}]}]}},"_links":{"self":[{"href":"https:\/\/cstc.vn\/blogtsk\/wp-json\/wp\/v2\/posts\/12955"}],"collection":[{"href":"https:\/\/cstc.vn\/blogtsk\/wp-json\/wp\/v2\/posts"}],"about":[{"href":"https:\/\/cstc.vn\/blogtsk\/wp-json\/wp\/v2\/types\/post"}],"replies":[{"embeddable":true,"href":"https:\/\/cstc.vn\/blogtsk\/wp-json\/wp\/v2\/comments?post=12955"}],"version-history":[{"count":0,"href":"https:\/\/cstc.vn\/blogtsk\/wp-json\/wp\/v2\/posts\/12955\/revisions"}],"wp:attachment":[{"href":"https:\/\/cstc.vn\/blogtsk\/wp-json\/wp\/v2\/media?parent=12955"}],"wp:term":[{"taxonomy":"category","embeddable":true,"href":"https:\/\/cstc.vn\/blogtsk\/wp-json\/wp\/v2\/categories?post=12955"},{"taxonomy":"post_tag","embeddable":true,"href":"https:\/\/cstc.vn\/blogtsk\/wp-json\/wp\/v2\/tags?post=12955"}],"curies":[{"name":"wp","href":"https:\/\/api.w.org\/{rel}","templated":true}]}}