{"id":11221,"date":"2025-06-02T14:31:00","date_gmt":"2025-06-02T07:31:00","guid":{"rendered":"http:\/\/cstc.vn\/blogtsk\/fgmf-arquitetos-frames-brazilian-landscape-through-casa-aroeiras-expressive-structure\/"},"modified":"2025-06-02T14:31:00","modified_gmt":"2025-06-02T07:31:00","slug":"fgmf-arquitetos-frames-brazilian-landscape-through-casa-aroeiras-expressive-structure","status":"publish","type":"post","link":"https:\/\/cstc.vn\/blogtsk\/fgmf-arquitetos-frames-brazilian-landscape-through-casa-aroeiras-expressive-structure\/","title":{"rendered":"FGMF arquitetos frames brazilian landscape through casa aroeira\u2019s expressive structure"},"content":{"rendered":"<h2 class=\"wow wow-yellow\">fgfm arquitetos design a home with expressive structure<\/h2>\n<p>\u00a0<\/p>\n<p><a href=\"https:\/\/www.designboom.com\/tag\/architecture-in-brazil\/\"><strong>Brazilian<\/strong><\/a> studio <a href=\"https:\/\/www.designboom.com\/tag\/fgmf-arquitetos\/\"><strong>FGMF Arquitetos<\/strong><\/a> designs its Casa Aroeira to rise confidently from the slopes of Bragan\u00e7a Paulista. Set within a <a href=\"https:\/\/www.designboom.com\/tag\/residential-architecture-interiors\/\"><strong>residential<\/strong><\/a> neighborhood outside <a href=\"https:\/\/www.designboom.com\/tag\/architecture-in-sao-paulo\/\"><strong>S\u00e3o Paulo<\/strong><\/a>, the home occupies the higher portion of a steep corner lot, making full use of its elevated position. From here, the views open toward surrounding farmland, while the building maintains a discreet relationship with its neighbors and the street below.<\/p>\n<p>\u00a0<\/p>\n<p>Rather than contending with the incline, the architects embraced it. Casa Aroeira meets the street at two distinct levels \u2014 pedestrian access slips in from the side, while vehicles descend to the lower edge. This dual entry supports the house\u2019s layout across two linear floors. The ground level accommodates the social and service spaces, along with two guest bedrooms. Above, the private quarters retreat into a more intimate register, still oriented toward the panoramic view.<\/p>\n<p>images \u00a9\u00a0<a href=\"http:\/\/franparente.com\/\">Fran Parente<\/a><\/p>\n<p>\u00a0<\/p>\n<p>\u00a0<\/p>\n<h2 class=\"wow wow-yellow\">casa Aroeira\u2019s Transparency is Framed by Solidity<\/h2>\n<p>\u00a0<\/p>\n<p>At its core, Casa Aroeira takes form through its structure as the <a href=\"https:\/\/fgmf.com.br\/\"><strong>team<\/strong><\/a> at FGMF Arquitetos approaches the residence as an exercise in clarity. Exposed concrete pillars, beams, and slabs are expressive of their materiality to serve as not just support but as architectural expression. The main volume is defined by a rhythm of round columns and tall, slender walls, their materiality consistent throughout. These elements hold the upper floor while also delineating the suites, giving mass to the otherwise open layout.<\/p>\n<p>\u00a0<\/p>\n<p>While the concrete lends permanence, transparency is achieved through large sliding glass panels. These define the social spaces without enclosing them, allowing the main floor to extend seamlessly toward the landscape. The transitions between living areas and terraces are fluid, as the structure opens toward the pool and beyond, always acknowledging the horizon.<\/p>\n<p>Casa Aroeira is sited at the top of a steep corner lot to maximize views and privacy<\/p>\n<p>\u00a0<\/p>\n<p>\u00a0<\/p>\n<h2 class=\"wow wow-yellow\">Planes of Movement and Pause<\/h2>\n<p>\u00a0<\/p>\n<p>FGMF Arquitetos\u2019 Casa Aroeira meets the uneven terrain with layered horizontality. External circulation unfolds across offset planes, shaping the arrival sequence, water features, patios, and platforms. The pool appears suspended, hovering slightly above grade, its long edge drawing the eye outward. These gestures negotiate the slope while enhancing the sense of stillness and repose.<\/p>\n<p>\u00a0<\/p>\n<p>Material choices feel direct. Glass, concrete, stone, and wood are left close to their natural state. This decision underscores a desire to let the environment speak. Inside and out, the palette remains subdued, allowing the shifting light and surrounding vegetation to give color to the architecture. Behind the open gestures, the plan protects what must remain private. Service areas are tucked to the rear, invisible from the main view corridors. Their placement ensures both discretion and functionality without complicating the overall form.<\/p>\n<\/p>\n<p>living and service areas are arranged on the ground floor with private bedrooms above<\/p>\n<p>the design is driven by an exposed concrete structure of round columns and vertical piers<\/p>\n<p>sliding glass panels enclose the main floor, allowing openness and connection to the landscape<\/p>\n<p>\t<!-- CLOSE ARTICLE CONTENT --><\/p>\n<div class=\"fullwidth-image\">\n<div class=\"layout-box\">\n<div class=\"page-content\">\n<p>terraces, patios, and a swimming pool unfold across offset planes in response to the site\u2019s incline<\/p>\n<\/p>\n<\/div>\n<\/div><\/div>\n<p>\t<!-- OPEN ARTICLE CONTENT -->\t<\/p>\n<p>glass, concrete, wood, and stone are used in their natural state to highlight the surroundings<\/p>\n<p>\t<!-- CLOSE ARTICLE CONTENT --><\/p>\n<div class=\"fullwidth-image\">\n<div class=\"layout-box\">\n<div class=\"page-content\">\n<p>the pool is slightly elevated, creating a floating effect in the landscape<\/p>\n<\/p>\n<\/div>\n<\/div><\/div>\n<p>\t<!-- OPEN ARTICLE CONTENT -->\t<\/p>\n<p>\u00a0<\/p>\n<p><strong>project info:<\/strong><\/p>\n<p>\u00a0<\/p>\n<p><strong>name: <\/strong>Casa Aroeira<\/p>\n<p><strong>architecture:\u00a0<\/strong><a href=\"https:\/\/fgmf.com.br\/\">FGMF Arquitetos<\/a>\u00a0|\u00a0<a href=\"https:\/\/www.instagram.com\/fgmf\">@fgmf<\/a><\/p>\n<p><strong>location: <\/strong>Bragan\u00e7a Paulista, Brazil<\/p>\n<p><strong>built area:\u00a0<\/strong>1,025 square meters<\/p>\n<p><strong>completion:\u00a0<\/strong>2024<\/p>\n<p><strong>photography:\u00a0<\/strong>\u00a9\u00a0<a href=\"http:\/\/franparente.com\/\">Fran Parente<\/a>\u00a0|\u00a0<a href=\"https:\/\/www.instagram.com\/franparente\/?hl=en\">@franparente<\/a><\/p>\n<p>\u00a0<\/p>\n<p><strong>authors: <\/strong>Fernando Forte, Louren\u00e7o Gimenes, Rodrigo Marcondes Ferraz<\/p>\n<p><strong>managers:\u00a0<\/strong>Desyree Niedo, Gabriel Mota, Juliana Cad\u00f3, Sonia Gouveia<\/p>\n<p><strong>coordinators:<\/strong> Geronimo Palarino, Iacy Gottschalk, Jo\u00e3o Baptistella<br \/>\n<strong>contributors:<\/strong> B\u00e1rbara Dolabella, Bruna Comin, Bruno Suman, Gabriel Baptista, Giulia Petiti, Jos\u00e9 Carlos Navarro, Julia Jobim, Karina Nakaura, Lais Xavier, Leandro Le\u00e3o, Victor Lucena<br \/>\n<strong>interns:<\/strong> Ana Paula Sapia, Mariana Sarto, Michelle Vasques, Michelle Vasques<\/p>\n<p><strong>construction:<\/strong> Yellowbrick Houses<br \/>\n<strong>foundation, structural engineering:<\/strong> Benedicts<br \/>\n<strong>electrical, plumbing installation:<\/strong> Zamaro<br \/>\n<strong>landscape designer:<\/strong> Rodrigo Oliveira<br \/>\n<strong>lighting design:<\/strong> Foco LD<\/p>\n<p>The post <a href=\"https:\/\/www.designboom.com\/architecture\/fgmf-arquitetos-brazilian-casa-aroeira-06-02-2025\/\">FGMF arquitetos frames brazilian landscape through casa aroeira\u2019s expressive structure<\/a> appeared first on <a href=\"https:\/\/www.designboom.com\/\">designboom | architecture &amp; design magazine<\/a>.<\/p>\n","protected":false},"excerpt":{"rendered":"<p>fgfm arquitetos design a home with expressive structure \u00a0 Brazilian studio FGMF Arquitetos designs its Casa Aroeira to rise confidently from the slopes of Bragan\u00e7a Paulista. Set within a residential neighborhood outside S\u00e3o Paulo, the &hellip; <\/p>\n","protected":false},"author":0,"featured_media":0,"comment_status":"closed","ping_status":"closed","sticky":false,"template":"","format":"standard","meta":[],"categories":[142],"tags":[],"yoast_head":"<!-- This site is optimized with the Yoast SEO plugin v16.7 - https:\/\/yoast.com\/wordpress\/plugins\/seo\/ -->\n<title>FGMF arquitetos frames brazilian landscape through casa aroeira\u2019s expressive structure - Blog TSK<\/title>\n<meta name=\"robots\" content=\"index, follow, max-snippet:-1, max-image-preview:large, max-video-preview:-1\" \/>\n<link rel=\"canonical\" href=\"https:\/\/cstc.vn\/blogtsk\/fgmf-arquitetos-frames-brazilian-landscape-through-casa-aroeiras-expressive-structure\/\" \/>\n<meta property=\"og:locale\" content=\"en_US\" \/>\n<meta property=\"og:type\" content=\"article\" \/>\n<meta property=\"og:title\" content=\"FGMF arquitetos frames brazilian landscape through casa aroeira\u2019s expressive structure - Blog TSK\" \/>\n<meta property=\"og:description\" content=\"fgfm arquitetos design a home with expressive structure \u00a0 Brazilian studio FGMF Arquitetos designs its Casa Aroeira to rise confidently from the slopes of Bragan\u00e7a Paulista. Set within a residential neighborhood outside S\u00e3o Paulo, the &hellip;\" \/>\n<meta property=\"og:url\" content=\"https:\/\/cstc.vn\/blogtsk\/fgmf-arquitetos-frames-brazilian-landscape-through-casa-aroeiras-expressive-structure\/\" \/>\n<meta property=\"og:site_name\" content=\"Blog TSK\" \/>\n<meta property=\"article:published_time\" content=\"2025-06-02T07:31:00+00:00\" \/>\n<meta name=\"twitter:label1\" content=\"Est. reading time\" \/>\n\t<meta name=\"twitter:data1\" content=\"3 minutes\" \/>\n<script type=\"application\/ld+json\" class=\"yoast-schema-graph\">{\"@context\":\"https:\/\/schema.org\",\"@graph\":[{\"@type\":\"WebSite\",\"@id\":\"https:\/\/cstc.vn\/blogtsk\/#website\",\"url\":\"https:\/\/cstc.vn\/blogtsk\/\",\"name\":\"Blog TSK\",\"description\":\"\",\"potentialAction\":[{\"@type\":\"SearchAction\",\"target\":{\"@type\":\"EntryPoint\",\"urlTemplate\":\"https:\/\/cstc.vn\/blogtsk\/?s={search_term_string}\"},\"query-input\":\"required name=search_term_string\"}],\"inLanguage\":\"en-US\"},{\"@type\":\"WebPage\",\"@id\":\"https:\/\/cstc.vn\/blogtsk\/fgmf-arquitetos-frames-brazilian-landscape-through-casa-aroeiras-expressive-structure\/#webpage\",\"url\":\"https:\/\/cstc.vn\/blogtsk\/fgmf-arquitetos-frames-brazilian-landscape-through-casa-aroeiras-expressive-structure\/\",\"name\":\"FGMF arquitetos frames brazilian landscape through casa aroeira\\u2019s expressive structure - Blog TSK\",\"isPartOf\":{\"@id\":\"https:\/\/cstc.vn\/blogtsk\/#website\"},\"datePublished\":\"2025-06-02T07:31:00+00:00\",\"dateModified\":\"2025-06-02T07:31:00+00:00\",\"author\":{\"@id\":\"\"},\"breadcrumb\":{\"@id\":\"https:\/\/cstc.vn\/blogtsk\/fgmf-arquitetos-frames-brazilian-landscape-through-casa-aroeiras-expressive-structure\/#breadcrumb\"},\"inLanguage\":\"en-US\",\"potentialAction\":[{\"@type\":\"ReadAction\",\"target\":[\"https:\/\/cstc.vn\/blogtsk\/fgmf-arquitetos-frames-brazilian-landscape-through-casa-aroeiras-expressive-structure\/\"]}]},{\"@type\":\"BreadcrumbList\",\"@id\":\"https:\/\/cstc.vn\/blogtsk\/fgmf-arquitetos-frames-brazilian-landscape-through-casa-aroeiras-expressive-structure\/#breadcrumb\",\"itemListElement\":[{\"@type\":\"ListItem\",\"position\":1,\"name\":\"Home\",\"item\":\"https:\/\/cstc.vn\/blogtsk\/\"},{\"@type\":\"ListItem\",\"position\":2,\"name\":\"FGMF arquitetos frames brazilian landscape through casa aroeira\\u2019s expressive structure\"}]}]}<\/script>\n<!-- \/ Yoast SEO plugin. -->","yoast_head_json":{"title":"FGMF arquitetos frames brazilian landscape through casa aroeira\u2019s expressive structure - Blog TSK","robots":{"index":"index","follow":"follow","max-snippet":"max-snippet:-1","max-image-preview":"max-image-preview:large","max-video-preview":"max-video-preview:-1"},"canonical":"https:\/\/cstc.vn\/blogtsk\/fgmf-arquitetos-frames-brazilian-landscape-through-casa-aroeiras-expressive-structure\/","og_locale":"en_US","og_type":"article","og_title":"FGMF arquitetos frames brazilian landscape through casa aroeira\u2019s expressive structure - Blog TSK","og_description":"fgfm arquitetos design a home with expressive structure \u00a0 Brazilian studio FGMF Arquitetos designs its Casa Aroeira to rise confidently from the slopes of Bragan\u00e7a Paulista. Set within a residential neighborhood outside S\u00e3o Paulo, the &hellip;","og_url":"https:\/\/cstc.vn\/blogtsk\/fgmf-arquitetos-frames-brazilian-landscape-through-casa-aroeiras-expressive-structure\/","og_site_name":"Blog TSK","article_published_time":"2025-06-02T07:31:00+00:00","twitter_misc":{"Est. reading time":"3 minutes"},"schema":{"@context":"https:\/\/schema.org","@graph":[{"@type":"WebSite","@id":"https:\/\/cstc.vn\/blogtsk\/#website","url":"https:\/\/cstc.vn\/blogtsk\/","name":"Blog TSK","description":"","potentialAction":[{"@type":"SearchAction","target":{"@type":"EntryPoint","urlTemplate":"https:\/\/cstc.vn\/blogtsk\/?s={search_term_string}"},"query-input":"required name=search_term_string"}],"inLanguage":"en-US"},{"@type":"WebPage","@id":"https:\/\/cstc.vn\/blogtsk\/fgmf-arquitetos-frames-brazilian-landscape-through-casa-aroeiras-expressive-structure\/#webpage","url":"https:\/\/cstc.vn\/blogtsk\/fgmf-arquitetos-frames-brazilian-landscape-through-casa-aroeiras-expressive-structure\/","name":"FGMF arquitetos frames brazilian landscape through casa aroeira\u2019s expressive structure - Blog TSK","isPartOf":{"@id":"https:\/\/cstc.vn\/blogtsk\/#website"},"datePublished":"2025-06-02T07:31:00+00:00","dateModified":"2025-06-02T07:31:00+00:00","author":{"@id":""},"breadcrumb":{"@id":"https:\/\/cstc.vn\/blogtsk\/fgmf-arquitetos-frames-brazilian-landscape-through-casa-aroeiras-expressive-structure\/#breadcrumb"},"inLanguage":"en-US","potentialAction":[{"@type":"ReadAction","target":["https:\/\/cstc.vn\/blogtsk\/fgmf-arquitetos-frames-brazilian-landscape-through-casa-aroeiras-expressive-structure\/"]}]},{"@type":"BreadcrumbList","@id":"https:\/\/cstc.vn\/blogtsk\/fgmf-arquitetos-frames-brazilian-landscape-through-casa-aroeiras-expressive-structure\/#breadcrumb","itemListElement":[{"@type":"ListItem","position":1,"name":"Home","item":"https:\/\/cstc.vn\/blogtsk\/"},{"@type":"ListItem","position":2,"name":"FGMF arquitetos frames brazilian landscape through casa aroeira\u2019s expressive structure"}]}]}},"_links":{"self":[{"href":"https:\/\/cstc.vn\/blogtsk\/wp-json\/wp\/v2\/posts\/11221"}],"collection":[{"href":"https:\/\/cstc.vn\/blogtsk\/wp-json\/wp\/v2\/posts"}],"about":[{"href":"https:\/\/cstc.vn\/blogtsk\/wp-json\/wp\/v2\/types\/post"}],"replies":[{"embeddable":true,"href":"https:\/\/cstc.vn\/blogtsk\/wp-json\/wp\/v2\/comments?post=11221"}],"version-history":[{"count":0,"href":"https:\/\/cstc.vn\/blogtsk\/wp-json\/wp\/v2\/posts\/11221\/revisions"}],"wp:attachment":[{"href":"https:\/\/cstc.vn\/blogtsk\/wp-json\/wp\/v2\/media?parent=11221"}],"wp:term":[{"taxonomy":"category","embeddable":true,"href":"https:\/\/cstc.vn\/blogtsk\/wp-json\/wp\/v2\/categories?post=11221"},{"taxonomy":"post_tag","embeddable":true,"href":"https:\/\/cstc.vn\/blogtsk\/wp-json\/wp\/v2\/tags?post=11221"}],"curies":[{"name":"wp","href":"https:\/\/api.w.org\/{rel}","templated":true}]}}