{"id":11076,"date":"2025-05-28T12:33:19","date_gmt":"2025-05-28T05:33:19","guid":{"rendered":"http:\/\/cstc.vn\/blogtsk\/studio-55-stretches-linear-table-through-versailles-gardens-as-open-dialogue-on-climate\/"},"modified":"2025-05-28T12:33:19","modified_gmt":"2025-05-28T05:33:19","slug":"studio-55-stretches-linear-table-through-versailles-gardens-as-open-dialogue-on-climate","status":"publish","type":"post","link":"https:\/\/cstc.vn\/blogtsk\/studio-55-stretches-linear-table-through-versailles-gardens-as-open-dialogue-on-climate\/","title":{"rendered":"studio 5\u20225 stretches linear table through versailles\u2019 gardens as open dialogue on climate"},"content":{"rendered":"<h2 class=\"wow wow-yellow\">Studio 5\u20225 designs Nous\u2026 Le Climate: a Manifesto Exhibition<\/h2>\n<p>\u00a0<\/p>\n<p>From May 7 to July 13, 2025, the Potager du Roi in <strong><a href=\"https:\/\/www.designboom.com\/tag\/architecture-in-france\/\">Versailles<\/a><\/strong> serves as the site for Nous\u2026 the Climate, an open-air exhibition forming part of the 3rd Biennial of Architecture and Landscape of \u00cele-de-France (Bap!). Designed by <strong><a href=\"https:\/\/www.designboom.com\/tag\/studio-5-5\/\">Studio 5\u20225<\/a><\/strong> in collaboration with Agence TER, the exhibition serves as a spatial manifesto that addresses <strong><a href=\"https:\/\/www.designboom.com\/tag\/climate-change\/\">climate change<\/a><\/strong> through a combination of scenography and <strong><a href=\"https:\/\/www.designboom.com\/tag\/public-art\/\">public<\/a><\/strong> <strong><a href=\"https:\/\/www.designboom.com\/tag\/interactive-installation\/\">installations<\/a><\/strong>.<\/p>\n<p>\u00a0<\/p>\n<p>The exhibition\u2019s primary feature is a 300-meter linear <strong><a href=\"https:\/\/www.designboom.com\/tag\/table-design\/\">table<\/a><\/strong> placed within the Potager\u2019s historic layout. This table operates both as a symbolic structure and as a platform for presenting collective responses to climate issues. Its geometry connects multiple zones of the garden and introduces a spatial narrative that begins with the word \u2018Nous\u2019 (Us) and concludes with \u2018the Climate.\u2019 This layout forms a literal and conceptual axis, framing climate as a shared responsibility across disciplines and sectors.<\/p>\n<p>all images courtesy of <a href=\"https:\/\/www.5-5.paris\/en\/\">Studio 5\u20225<\/a> and <a href=\"https:\/\/agenceter.com\/\">Agence TER<\/a><\/p>\n<p>\u00a0<\/p>\n<p>\u00a0<\/p>\n<h2 class=\"wow wow-yellow\">Nous\u2026 Le Climate scenography adapts to the natural setting<\/h2>\n<p>\u00a0<\/p>\n<p>Developed by Studio 5\u20225\u2019s <strong><a href=\"https:\/\/www.5-5.paris\/en\/\">design team<\/a><\/strong>, and commissioned by <strong><a href=\"https:\/\/agenceter.com\/\">Agence TER<\/a><\/strong>, Nous\u2026 Le Climate table features various design projects. These include proposals and interventions related to ecological infrastructure, soil regeneration, urban cooling strategies, and regenerative agriculture. Each contribution emphasizes a landscape-based methodology and presents specific, localized responses to environmental transformation.<\/p>\n<p>\u00a0<\/p>\n<p>Constructed using weather-resistant materials, the scenography adapts to natural conditions. Its layout facilitates varied sensory engagement depending on the time of day and the weather. A key spatial feature of the route includes passage across the central basin of the Potager du Roi, enabling direct interaction with the site\u2019s water systems and microclimatic variations.<\/p>\n<p>a 300-meter table anchors Nous\u2026 the Climate at the Potager du Roi<\/p>\n<p>\u00a0<\/p>\n<p>\u00a0<\/p>\n<h2 class=\"wow wow-yellow\">Potager du Roi becomes a living architectural laboratory<\/h2>\n<p>\u00a0<\/p>\n<p>Originally designed in the 17th century to support controlled agricultural production, the Potager now functions as a research site for contemporary climate adaptation. The exhibition draws on this historical role to propose new forms of spatial practice, informed by both past horticultural techniques and current environmental strategies.<\/p>\n<p>\u00a0<\/p>\n<p>Incorporated within the site are collective seating areas and shared surfaces designed to host formal and informal dialogues. These elements frame the Potager as a working ground for civic, scientific, and design collaboration.<\/p>\n<\/p>\n<p>the exhibition unfolds in the historic gardens of Versailles<\/p>\n<p>public installations connect ecology, design, and dialogue<\/p>\n<p>the table acts as both platform and symbol for climate action<\/p>\n<p>\t<!-- CLOSE ARTICLE CONTENT --><\/p>\n<div class=\"fullwidth-image\">\n<div class=\"layout-box\">\n<div class=\"page-content\">\n<p>zones of the Potager are linked through the table\u2019s linear geometry<\/p>\n<\/p>\n<\/div>\n<\/div><\/div>\n<p>\t<!-- OPEN ARTICLE CONTENT -->\t<\/p>\n<p>ecological infrastructure projects line the exhibition path<\/p>\n<p>the scenography changes with sun, wind, and rain<\/p>\n<p>the exhibition serves as a spatial manifesto that addresses climate change<\/p>\n<p>the open-air layout encourages informal discussion and exchange<\/p>\n<p>Studio 5\u20225 and Agence TER frame climate as a collective issue<\/p>\n<p>\t<!-- CLOSE ARTICLE CONTENT --><\/p>\n<div class=\"fullwidth-image\">\n<div class=\"layout-box\">\n<div class=\"page-content\">\n<p>a route across the central basin highlights water and microclimates<\/p>\n<\/p>\n<\/div>\n<\/div><\/div>\n<p>\t<!-- OPEN ARTICLE CONTENT -->\t<\/p>\n<p>Nous\u2026 the Climate: a spatial sentence tracing shared responsibility<\/p>\n<p>\u00a0<\/p>\n<p>\u00a0<\/p>\n<p><strong>project info:<\/strong><\/p>\n<p>\u00a0<\/p>\n<p><strong>name:<\/strong>\u00a0Nous\u2026Le Climat<br \/>\n<strong>designer:<\/strong> <a href=\"https:\/\/www.5-5.paris\/fr\/\">Studio 5\u20225<\/a> | <a href=\"https:\/\/www.instagram.com\/studio5.5\/\">@studio5.5<\/a><\/p>\n<p><strong>commissioner:<\/strong> <a href=\"https:\/\/agenceter.com\/\">Agence TER<\/a> | <a href=\"https:\/\/www.instagram.com\/studio5.5\/\">@agence_ter<\/a><\/p>\n<p><strong>location:<\/strong> \u00c9cole nationale sup\u00e9rieure de paysage, 10 rue du Mar\u00e9chal Joffre, 78000 Versailles, France<\/p>\n<p><strong>dates:<\/strong> May 7th \u2013 July 13th, 2025<\/p>\n<p>\u00a0<\/p>\n<p><strong>Studio 5\u20225 design team:<\/strong> Florian Stechenko, Anthony Leboss\u00e9, C\u00e9sar Potel, Simon Lancelle, Marie Aujames, Eliott Bulle<\/p>\n<p><strong>Agence TER design team:<\/strong> Henri Bava, Michel Hossler, Olivier Philippe<\/p>\n<p><strong>construction:<\/strong> BARAKA &amp; Cie<\/p>\n<p><strong>landscape team:<\/strong> Julien-Labruyere Degas Beatrice, Ma\u00eblys Laporte, Karima Agha, Leret Surrault, Anouk Lucile, Augiron C\u00e9lia, Banyik Aldo, Jim\u00e9nez Felipe, Philippine Ciupek<\/p>\n<p><strong>support:<\/strong> \u00c9cole nationale sup\u00e9rieure de paysage<\/p>\n<p>\u00a0<\/p>\n<p>\u00a0<\/p>\n<p class=\"p1\">designboom has received this project from our\u00a0<a href=\"https:\/\/www.designboom.com\/readers-submit\"><span class=\"s1\">DIY submissions<\/span><\/a>\u00a0feature, where we welcome our readers to submit their own work for publication. see more project submissions from our readers\u00a0<a href=\"https:\/\/www.designboom.com\/readers\/\"><span class=\"s1\">here.<\/span><\/a><\/p>\n<p class=\"p1\">\u00a0<\/p>\n<p class=\"p1\">edited by: christina vergopoulou | designboom<\/p>\n<p>The post <a href=\"https:\/\/www.designboom.com\/design\/studio-55-linear-table-versailles-gardens-open-dialogue-climate-agence-ter-potager-du-roi-biennial-architecture-landscape-bap-05-28-2025\/\">studio 5\u20225 stretches linear table through versailles\u2019 gardens as open dialogue on climate<\/a> appeared first on <a href=\"https:\/\/www.designboom.com\/\">designboom | architecture &amp; design magazine<\/a>.<\/p>\n","protected":false},"excerpt":{"rendered":"<p>Studio 5\u20225 designs Nous\u2026 Le Climate: a Manifesto Exhibition \u00a0 From May 7 to July 13, 2025, the Potager du Roi in Versailles serves as the site for Nous\u2026 the Climate, an open-air exhibition forming &hellip; <\/p>\n","protected":false},"author":0,"featured_media":0,"comment_status":"closed","ping_status":"closed","sticky":false,"template":"","format":"standard","meta":[],"categories":[142],"tags":[],"yoast_head":"<!-- This site is optimized with the Yoast SEO plugin v16.7 - https:\/\/yoast.com\/wordpress\/plugins\/seo\/ -->\n<title>studio 5\u20225 stretches linear table through versailles\u2019 gardens as open dialogue on climate - Blog TSK<\/title>\n<meta name=\"robots\" content=\"index, follow, max-snippet:-1, max-image-preview:large, max-video-preview:-1\" \/>\n<link rel=\"canonical\" href=\"https:\/\/cstc.vn\/blogtsk\/studio-55-stretches-linear-table-through-versailles-gardens-as-open-dialogue-on-climate\/\" \/>\n<meta property=\"og:locale\" content=\"en_US\" \/>\n<meta property=\"og:type\" content=\"article\" \/>\n<meta property=\"og:title\" content=\"studio 5\u20225 stretches linear table through versailles\u2019 gardens as open dialogue on climate - Blog TSK\" \/>\n<meta property=\"og:description\" content=\"Studio 5\u20225 designs Nous\u2026 Le Climate: a Manifesto Exhibition \u00a0 From May 7 to July 13, 2025, the Potager du Roi in Versailles serves as the site for Nous\u2026 the Climate, an open-air exhibition forming &hellip;\" \/>\n<meta property=\"og:url\" content=\"https:\/\/cstc.vn\/blogtsk\/studio-55-stretches-linear-table-through-versailles-gardens-as-open-dialogue-on-climate\/\" \/>\n<meta property=\"og:site_name\" content=\"Blog TSK\" \/>\n<meta property=\"article:published_time\" content=\"2025-05-28T05:33:19+00:00\" \/>\n<meta name=\"twitter:label1\" content=\"Est. reading time\" \/>\n\t<meta name=\"twitter:data1\" content=\"3 minutes\" \/>\n<script type=\"application\/ld+json\" class=\"yoast-schema-graph\">{\"@context\":\"https:\/\/schema.org\",\"@graph\":[{\"@type\":\"WebSite\",\"@id\":\"https:\/\/cstc.vn\/blogtsk\/#website\",\"url\":\"https:\/\/cstc.vn\/blogtsk\/\",\"name\":\"Blog TSK\",\"description\":\"\",\"potentialAction\":[{\"@type\":\"SearchAction\",\"target\":{\"@type\":\"EntryPoint\",\"urlTemplate\":\"https:\/\/cstc.vn\/blogtsk\/?s={search_term_string}\"},\"query-input\":\"required name=search_term_string\"}],\"inLanguage\":\"en-US\"},{\"@type\":\"WebPage\",\"@id\":\"https:\/\/cstc.vn\/blogtsk\/studio-55-stretches-linear-table-through-versailles-gardens-as-open-dialogue-on-climate\/#webpage\",\"url\":\"https:\/\/cstc.vn\/blogtsk\/studio-55-stretches-linear-table-through-versailles-gardens-as-open-dialogue-on-climate\/\",\"name\":\"studio 5\\u20225 stretches linear table through versailles\\u2019 gardens as open dialogue on climate - Blog TSK\",\"isPartOf\":{\"@id\":\"https:\/\/cstc.vn\/blogtsk\/#website\"},\"datePublished\":\"2025-05-28T05:33:19+00:00\",\"dateModified\":\"2025-05-28T05:33:19+00:00\",\"author\":{\"@id\":\"\"},\"breadcrumb\":{\"@id\":\"https:\/\/cstc.vn\/blogtsk\/studio-55-stretches-linear-table-through-versailles-gardens-as-open-dialogue-on-climate\/#breadcrumb\"},\"inLanguage\":\"en-US\",\"potentialAction\":[{\"@type\":\"ReadAction\",\"target\":[\"https:\/\/cstc.vn\/blogtsk\/studio-55-stretches-linear-table-through-versailles-gardens-as-open-dialogue-on-climate\/\"]}]},{\"@type\":\"BreadcrumbList\",\"@id\":\"https:\/\/cstc.vn\/blogtsk\/studio-55-stretches-linear-table-through-versailles-gardens-as-open-dialogue-on-climate\/#breadcrumb\",\"itemListElement\":[{\"@type\":\"ListItem\",\"position\":1,\"name\":\"Home\",\"item\":\"https:\/\/cstc.vn\/blogtsk\/\"},{\"@type\":\"ListItem\",\"position\":2,\"name\":\"studio 5\\u20225 stretches linear table through versailles\\u2019 gardens as open dialogue on climate\"}]}]}<\/script>\n<!-- \/ Yoast SEO plugin. -->","yoast_head_json":{"title":"studio 5\u20225 stretches linear table through versailles\u2019 gardens as open dialogue on climate - Blog TSK","robots":{"index":"index","follow":"follow","max-snippet":"max-snippet:-1","max-image-preview":"max-image-preview:large","max-video-preview":"max-video-preview:-1"},"canonical":"https:\/\/cstc.vn\/blogtsk\/studio-55-stretches-linear-table-through-versailles-gardens-as-open-dialogue-on-climate\/","og_locale":"en_US","og_type":"article","og_title":"studio 5\u20225 stretches linear table through versailles\u2019 gardens as open dialogue on climate - Blog TSK","og_description":"Studio 5\u20225 designs Nous\u2026 Le Climate: a Manifesto Exhibition \u00a0 From May 7 to July 13, 2025, the Potager du Roi in Versailles serves as the site for Nous\u2026 the Climate, an open-air exhibition forming &hellip;","og_url":"https:\/\/cstc.vn\/blogtsk\/studio-55-stretches-linear-table-through-versailles-gardens-as-open-dialogue-on-climate\/","og_site_name":"Blog TSK","article_published_time":"2025-05-28T05:33:19+00:00","twitter_misc":{"Est. reading time":"3 minutes"},"schema":{"@context":"https:\/\/schema.org","@graph":[{"@type":"WebSite","@id":"https:\/\/cstc.vn\/blogtsk\/#website","url":"https:\/\/cstc.vn\/blogtsk\/","name":"Blog TSK","description":"","potentialAction":[{"@type":"SearchAction","target":{"@type":"EntryPoint","urlTemplate":"https:\/\/cstc.vn\/blogtsk\/?s={search_term_string}"},"query-input":"required name=search_term_string"}],"inLanguage":"en-US"},{"@type":"WebPage","@id":"https:\/\/cstc.vn\/blogtsk\/studio-55-stretches-linear-table-through-versailles-gardens-as-open-dialogue-on-climate\/#webpage","url":"https:\/\/cstc.vn\/blogtsk\/studio-55-stretches-linear-table-through-versailles-gardens-as-open-dialogue-on-climate\/","name":"studio 5\u20225 stretches linear table through versailles\u2019 gardens as open dialogue on climate - Blog TSK","isPartOf":{"@id":"https:\/\/cstc.vn\/blogtsk\/#website"},"datePublished":"2025-05-28T05:33:19+00:00","dateModified":"2025-05-28T05:33:19+00:00","author":{"@id":""},"breadcrumb":{"@id":"https:\/\/cstc.vn\/blogtsk\/studio-55-stretches-linear-table-through-versailles-gardens-as-open-dialogue-on-climate\/#breadcrumb"},"inLanguage":"en-US","potentialAction":[{"@type":"ReadAction","target":["https:\/\/cstc.vn\/blogtsk\/studio-55-stretches-linear-table-through-versailles-gardens-as-open-dialogue-on-climate\/"]}]},{"@type":"BreadcrumbList","@id":"https:\/\/cstc.vn\/blogtsk\/studio-55-stretches-linear-table-through-versailles-gardens-as-open-dialogue-on-climate\/#breadcrumb","itemListElement":[{"@type":"ListItem","position":1,"name":"Home","item":"https:\/\/cstc.vn\/blogtsk\/"},{"@type":"ListItem","position":2,"name":"studio 5\u20225 stretches linear table through versailles\u2019 gardens as open dialogue on climate"}]}]}},"_links":{"self":[{"href":"https:\/\/cstc.vn\/blogtsk\/wp-json\/wp\/v2\/posts\/11076"}],"collection":[{"href":"https:\/\/cstc.vn\/blogtsk\/wp-json\/wp\/v2\/posts"}],"about":[{"href":"https:\/\/cstc.vn\/blogtsk\/wp-json\/wp\/v2\/types\/post"}],"replies":[{"embeddable":true,"href":"https:\/\/cstc.vn\/blogtsk\/wp-json\/wp\/v2\/comments?post=11076"}],"version-history":[{"count":0,"href":"https:\/\/cstc.vn\/blogtsk\/wp-json\/wp\/v2\/posts\/11076\/revisions"}],"wp:attachment":[{"href":"https:\/\/cstc.vn\/blogtsk\/wp-json\/wp\/v2\/media?parent=11076"}],"wp:term":[{"taxonomy":"category","embeddable":true,"href":"https:\/\/cstc.vn\/blogtsk\/wp-json\/wp\/v2\/categories?post=11076"},{"taxonomy":"post_tag","embeddable":true,"href":"https:\/\/cstc.vn\/blogtsk\/wp-json\/wp\/v2\/tags?post=11076"}],"curies":[{"name":"wp","href":"https:\/\/api.w.org\/{rel}","templated":true}]}}